{"id":914,"date":"2010-09-08T13:19:40","date_gmt":"2010-09-08T11:19:40","guid":{"rendered":"http:\/\/www.aggertalersegelclub.de\/?p=914"},"modified":"2010-09-12T18:17:41","modified_gmt":"2010-09-12T16:17:41","slug":"europameisterschaft-hourtin-2010-erlebnisbericht","status":"publish","type":"post","link":"https:\/\/www.aggertalersegelclub.de\/?p=914","title":{"rendered":"Europameisterschaft Hourtin 2010 &#8211; Erlebnisbericht"},"content":{"rendered":"<p><em>Lesen Sie an dieser Stelle den Bericht von unserem Jugendmitglied Nina Lambrecht zur Laser 4.7\u00a0 Europameisterschaft in Hourtin:<\/em><\/p>\n<p><em><img loading=\"lazy\" decoding=\"async\" class=\"ngg-singlepic ngg-none\" src=\"http:\/\/www.aggertalersegelclub.de\/wordpress\/wp-content\/gallery\/em-2010-hourtin\/p1030929_0.jpg\" alt=\"p1030929_0\" width=\"432\" height=\"324\" \/><br \/>\n<\/em><\/p>\n<p>Ich bin dieses Jahr in das Deutschlandteam f\u00fcr Laser 4.7 \u2013 eine Laserjugendklasse &#8211;\u00a0 gekommen, ein Zusammenschluss aus deutschlandweit elf Seglerinnen und Seglern. Wir sind zusammen drei internationale Regatten gesegelt, davon zwei in Deutschland \u2013 den Pfingstbusch in Kiel und die Warnem\u00fcnder Woche \u2013 und die Europameisterschaft auf Frankreichs gr\u00f6\u00dftem Binnensee in der zweiten Woche der Sommerferien.<\/p>\n<p>Dieses Ereignis hat meine Familie direkt mit einem Urlaub auf einem Campingplatz verbunden und wir sind direkt am zweiten Ferientag mit einer \u201eKarawane\u201c gestartet: Vollgepacktes Auto, Katamaran mit Anh\u00e4nger und obendrauf noch der Laser. Wir kamen dann am Sonntag Mittag an, und da die EM offiziell erst Sonntags begann und auch unser Training bei J\u00fcrgen Kecke zur Gew\u00f6hnung an den See und den Wind dort erst Mittwochs startete, nutzten wir die drei Tage Freizeit zum Sonnen und Schwimmen in Pool und See.<\/p>\n<p>Nach einem dreit\u00e4gigen Training mussten am Samstag unsere Boote vermessen und die Teile auf Originalit\u00e4t gepr\u00fcft werden und am Sonntag begann dann die EM \u2013 f\u00fcr die meisten aus unserem Team eine der ersten Regatten au\u00dferhalb Deutschlands \u2013 mit einem Proberennen, das noch nicht gewertet wurde, sondern allein zum Testen der Bahnen diente. Dies startete etwas chaotisch, da wir nicht die Regelung kannten, dass bei Proberennen meist schon eine Minute fr\u00fcher gestartet wird, und so starteten wir Deutschen nach einiger Verwirrung einfach eine Minute sp\u00e4ter als der meiste Rest und fuhren hinter dem Feld her.<\/p>\n<p>Die ersten gewerteten Rennen begannen am Montag, und es begann direkt mit ganz gutem Wind, doch dass es an diesem See so viele Winddreher gab, war Anfangs etwas ungewohnt, und so hatten die Franzosen nat\u00fcrlich zu Beginn echten Heimvorteil. Wir bemerkten, dass es sehr viele Starter gab, als wir ein- und ausslippen wollten, da man daf\u00fcr nun mindestens eine Viertelstunde einplanen musste, abh\u00e4ngig davon, wo man sein Boot hatte. Insgesamt waren n\u00e4mlich 350 M\u00e4dchen und Jungs bis 18 Jahre aus ganz Europa dabei, weshalb wir auch in 6 Startergruppen aufgeteilt wurden und auf zwei verschiedenen Bahnen gestartet sind. Am Abend des ersten Tages gab es eine gro\u00dfe Er\u00f6ffnungszeremonie im Hafen von Hourtin, bei der jedes Land durch einige Segler vertreten wurde. Mittwochs gab es am Verein ein gro\u00dfes Barbecue mit B\u00fchne und DJ, die Segler haben getanzt oder am Strand Rugby gespielt und die Nationalit\u00e4ten vermischten sich auch einmal.<\/p>\n<p>Die Rennen dauerten bis Donnerstag, und daraufhin wurde man je nach seinen bisher gefahrenen Pl\u00e4tzen in verschiedene Gruppen aufgeteilt, Bei den M\u00e4dchen gab es Gold und Silber, bei den Jungs noch zwei weitere Gruppen. Nur zwei deutsche M\u00e4dchen haben es in die Goldgruppe geschafft. Nun kamen die letzten zwei Tage und somit die Final Races, die die Platzierung in der Rangliste entschieden. Samstag Nachmittag gab es nach einem sehr versp\u00e4teten Start \u2013 viele hatten schon die Trainerboote und teilweise auch die Laser verladen, da sogar die Einheimischen nicht mehr mit Zunehmen des Windes gerechnet haben \u2013 noch eine Siegerehrung, an der aber nicht mehr alle teilnahmen.<\/p>\n<p>Bei uns ging es auch direkt nach dem letzten Lauf am Samstag nach Hause und wir kamen Sonntag Mittag wieder in Deutschland an.<\/p>\n<p>Die EM war ein gro\u00dfartiges Erlebnis, bei dem wir auf jeden Fall gelernt haben uns durchzusetzen und mit mehr Selbstbewusstsein vor allem an den Start heranzugehen, da man dort sonst echt unterging und keine Chance mehr auf einen guten Platz hatte. Das Endergebnis entsprach nicht ganz meinen Hoffnungen, da ich zwar einige echt gute L\u00e4ufe gesegelt bin, dies jedoch durch einige Patzer nachher nicht mehr so viel \u00e4ndern konnte. Im Endeffekt\u00a0 war ich 107te von 118 M\u00e4dchen.<\/p>\n<p>Es ist auf jeden Fall mein Wunsch, die Euro im Jahr 2011 in Workum zu segeln und ich empfehle allen, die jemals die Chance haben sollten bei einer gro\u00dfen Regatta teilzunehmen, sie auf jeden Fall zu nutzen, denn zu Beginn kommt einem so ein Event zwar vor, als h\u00e4tte man dort keine Chance, doch es geht nicht um die Platzierung, sondern darum, dass man dabei unglaublich viel lernt!<\/p>\n<p>Fotos von den Erlebnissen k\u00f6nnen Sie sich in der <a href=\"http:\/\/www.aggertalersegelclub.de\/?page_id=154\">Bildergalerie<\/a> anschauen!<\/p>\n<p><img loading=\"lazy\" decoding=\"async\" class=\"ngg-singlepic ngg-none\" src=\"http:\/\/www.aggertalersegelclub.de\/wordpress\/wp-content\/gallery\/em-2010-hourtin\/p1030912_0.jpg\" alt=\"p1030912_0\" width=\"432\" height=\"324\" \/><\/p>\n<p><em>Vom Regattageschehen in der Laserklasse k\u00f6nnen sich Interessierte am 25.\/26.09.2010 am Biggesee live ein Bild machen.<br \/>\nEs findet die allj\u00e4hrliche Laser-Phoenix-Regatta statt, die in diesem Jahr zugleich die District-Meisterschaft West darstellt.<\/em><br \/>\n<em>N\u00e4hrer Infos unter dem Men\u00fcpunkt <a href=\"http:\/\/www.aggertalersegelclub.de\/?page_id=134\">Regatta<\/a>!<br \/>\n<\/em><\/p>\n","protected":false},"excerpt":{"rendered":"<p>Erlebnisbericht von Jugendmitglied Nina Lambrecht zur EM in Hourtin.<br \/>\nF\u00fcr mehr Infos klicken Sie bitte auf die \u00dcberschrift.<\/p>\n","protected":false},"author":2,"featured_media":0,"comment_status":"closed","ping_status":"closed","sticky":false,"template":"","format":"standard","meta":{"ngg_post_thumbnail":0,"footnotes":"","_links_to":"","_links_to_target":""},"categories":[1,5],"tags":[],"class_list":["post-914","post","type-post","status-publish","format-standard","hentry","category-allgemein","category-jugend"],"_links":{"self":[{"href":"https:\/\/www.aggertalersegelclub.de\/index.php?rest_route=\/wp\/v2\/posts\/914","targetHints":{"allow":["GET"]}}],"collection":[{"href":"https:\/\/www.aggertalersegelclub.de\/index.php?rest_route=\/wp\/v2\/posts"}],"about":[{"href":"https:\/\/www.aggertalersegelclub.de\/index.php?rest_route=\/wp\/v2\/types\/post"}],"author":[{"embeddable":true,"href":"https:\/\/www.aggertalersegelclub.de\/index.php?rest_route=\/wp\/v2\/users\/2"}],"replies":[{"embeddable":true,"href":"https:\/\/www.aggertalersegelclub.de\/index.php?rest_route=%2Fwp%2Fv2%2Fcomments&post=914"}],"version-history":[{"count":6,"href":"https:\/\/www.aggertalersegelclub.de\/index.php?rest_route=\/wp\/v2\/posts\/914\/revisions"}],"predecessor-version":[{"id":917,"href":"https:\/\/www.aggertalersegelclub.de\/index.php?rest_route=\/wp\/v2\/posts\/914\/revisions\/917"}],"wp:attachment":[{"href":"https:\/\/www.aggertalersegelclub.de\/index.php?rest_route=%2Fwp%2Fv2%2Fmedia&parent=914"}],"wp:term":[{"taxonomy":"category","embeddable":true,"href":"https:\/\/www.aggertalersegelclub.de\/index.php?rest_route=%2Fwp%2Fv2%2Fcategories&post=914"},{"taxonomy":"post_tag","embeddable":true,"href":"https:\/\/www.aggertalersegelclub.de\/index.php?rest_route=%2Fwp%2Fv2%2Ftags&post=914"}],"curies":[{"name":"wp","href":"https:\/\/api.w.org\/{rel}","templated":true}]}}