{"id":8010,"date":"2026-03-03T23:04:49","date_gmt":"2026-03-03T21:04:49","guid":{"rendered":"https:\/\/www.aggertalersegelclub.de\/?p=8010"},"modified":"2026-03-03T23:04:49","modified_gmt":"2026-03-03T21:04:49","slug":"asc-arbeitsdienst-am-14-maerz-2","status":"publish","type":"post","link":"https:\/\/www.aggertalersegelclub.de\/?p=8010","title":{"rendered":"ASC Arbeitsdienst am 14. M\u00e4rz"},"content":{"rendered":"\n<p>Liebe ASCler,<\/p>\n\n\n\n<p>f\u00fcr Samstag<strong>,<\/strong>&nbsp;den&nbsp;<strong>14.03.2026<\/strong>&nbsp;planen wir unseren ersteren Arbeitsdienst der neuen Saison.<\/p>\n\n\n\n<p>Wir beginnen um&nbsp;<strong>09:00 Uhr<\/strong>&nbsp;mit dem&nbsp;<strong>Anlanden<\/strong>&nbsp;des<strong>&nbsp;Nord-Steges (Steg1)<\/strong>&nbsp;und des&nbsp;<strong>S\u00fcd-Steges (Steg2).<\/strong>Ben\u00f6tigt werden f\u00fcr diese Arbeiten: Gummistiefeln, Schwimmweste und Arbeitshandschuhe.<\/p>\n\n\n\n<p><img loading=\"lazy\" decoding=\"async\" title=\"arbeitsdienst_alt\" src=\"http:\/\/www.aggertalersegelclub.de\/wordpress\/wp-content\/uploads\/2010\/02\/arbeitsdienst_alt.jpg\" alt=\"\" width=\"300\" height=\"225\"\/><\/p>\n\n\n\n<p>Ein besonderer\u00a0<strong><u>Schwerpunkt<\/u><\/strong>\u00a0des Dienstes liegt\u00a0auf der\u00a0<strong><u>Reinigung der Stegbretter<\/u><\/strong>, im Rahmen der Wegesicherung, um ein gefahrloses betreten der Stege zu erm\u00f6glichen.<\/p>\n\n\n\n<p>Hierf\u00fcr werden ebenfalls Gummistiefel und Schwimmwesten ben\u00f6tigt. F\u00fcr die Reinigungsarbeiten sind Eimer und Schrubber in gro\u00dfer Zahl notwendig.<\/p>\n\n\n\n<p>Dar\u00fcber hinaus plant unser Platzmeister Hajo noch einige&nbsp;<strong>Arbeiten im Gel\u00e4nde<\/strong>. Da wir im Herbst 2025 sehr gut vorgearbeitet haben, ist die Grundlage f\u00fcr flottes Gelingen gelegt.&nbsp;<\/p>\n\n\n\n<p>Bei diesem Dienst erwartet uns diesmal eine&nbsp;<strong>Sonderma\u00dfnahme (s. u.).<\/strong>:<\/p>\n\n\n\n<p>&#8211;&nbsp;<strong>Zun\u00e4chst aber zu den Routineaufgaben im Gel\u00e4nde:<\/strong><\/p>\n\n\n\n<p>&#8211; Beseitigen von Laub und Astwerk, kehren des Flaggenplatzes, Stra\u00dfe, Parkpl\u00e4tzen und Weg zu Stegen. Abfahren des Laubs etc. zur Deponie. Ich bringe einen H\u00e4nger mit. Ein zweiter w\u00e4re von Vorteil.<\/p>\n\n\n\n<p>&#8211; Beete und Begr\u00fcnungen, schneiden, ausmisten usw.<\/p>\n\n\n\n<p>&#8211; Kontrolle von B\u00e4nken und Tischen (Feuerschale) auf Zustand, ggfs. reparieren.<\/p>\n\n\n\n<p>&#8211; Spielger\u00fcst auf Sicherheit pr\u00fcfen. Abstimmung mit HaJo Suchanek bei Reparaturbedarf.<\/p>\n\n\n\n<p>&#8211; Kontrolle der B\u00e4nke Flaggenmastplatz. Ggfs. Und wenn\u2019s Wetter stimmt, Sitzfl\u00e4chen \u00f6len.<\/p>\n\n\n\n<p>&#8211; Kontrolle der restlichen Sitzb\u00e4nke auf dem Gel\u00e4nde, insbes. die B\u00e4nke auf der Jollenwiese. Da gibt es einige mit Besch\u00e4digungen\/Faulstellen, die z\u00fcgig repariert werden sollten.<\/p>\n\n\n\n<p>&#8211; Kontrolle des Ger\u00e4teh\u00e4uschens und der Schuppen auf Besch\u00e4digungen, ggfs. Reparatur.<\/p>\n\n\n\n<p>&#8211; Umlagerung des SABO-Mulchm\u00e4hers und der Motorsense von der Jugendgarage ins Ger\u00e4teh\u00e4uschen und Funktionskontrollen. Benzinbevorratung pr\u00fcfen, ggfs. Auff\u00fcllen. (Mitglieder der Rasen-<br \/>&nbsp;&nbsp; \/Treckertruppe, Hangm\u00e4her).<\/p>\n\n\n\n<p>&#8211; ggfs. Rasen m\u00e4hen.<\/p>\n\n\n\n<p><strong>Nun zur Sonderaufgabe: Auskoffern der Fl\u00e4che f\u00fcr das Fundament des Mover-H\u00e4uschens oberhalb der Winde Steg Nord. Daf\u00fcr insbes. Spitzhacken, Spaten und Schaufeln mitbringen.&nbsp;<\/strong><\/p>\n\n\n\n<p><strong>Ansonsten bitte mitbringen:&nbsp;<\/strong>Schaufeln, Harken, Laubs\u00e4cke, Besen. Vorsichtshalber: Heckenschere, Astschere, Kettens\u00e4ge (HaJo Suchanek), pers\u00f6nliche Ausstattung wie Handschuhe, usw.<\/p>\n\n\n\n<p><strong>F\u00fcr die Holzarbeiten -Ausstemmen der Schadstellen-<\/strong>, Hands\u00e4ge, Stechbeitel, Kl\u00fcpfel oder Hammer, Schraubzwingen, wasserfesten Leim, Holz (Bangkirai o. \u00e4.) usw. was man so braucht um H\u00f6lzer ein zu leimen. Die B\u00e4nke sind m. W. aus einem Tropenholz.<\/p>\n\n\n\n<p>Der Arbeitsdienst&nbsp;<strong>endet<\/strong>&nbsp;um ca.&nbsp;<strong>13.00 Uhr<\/strong>&nbsp;bei einer leckeren Grillwurst und einem k\u00fchlen Getr\u00e4nk.<\/p>\n\n\n\n<p>Unser Hafen- und Platzmeister freuen sich \u00fcber eine gro\u00dfe Beteiligung, nach dem Motto viele H\u00e4nde schnelles Ende -&#x1f60a;<\/p>\n\n\n\n<p>Im Anschluss daran starten wir um&nbsp;<strong>14.00 Uhr<\/strong>&nbsp;mit unserer&nbsp;<strong>Jahreshauptversammlung<\/strong>.<\/p>\n\n\n\n<p>Mit freundlichem Gr\u00fc\u00dfen<\/p>\n\n\n\n<p>Der Vorstand<\/p>\n","protected":false},"excerpt":{"rendered":"<p>Einladung zum Arbeitsdienst am 14.03.2026. F\u00fcr mehr Infos klicken Sie bitte auf die \u00dcberschrift. <\/p>\n","protected":false},"author":2,"featured_media":0,"comment_status":"closed","ping_status":"closed","sticky":false,"template":"","format":"standard","meta":{"ngg_post_thumbnail":0,"footnotes":"","_links_to":"","_links_to_target":""},"categories":[4],"tags":[],"class_list":["post-8010","post","type-post","status-publish","format-standard","hentry","category-termine"],"_links":{"self":[{"href":"https:\/\/www.aggertalersegelclub.de\/index.php?rest_route=\/wp\/v2\/posts\/8010","targetHints":{"allow":["GET"]}}],"collection":[{"href":"https:\/\/www.aggertalersegelclub.de\/index.php?rest_route=\/wp\/v2\/posts"}],"about":[{"href":"https:\/\/www.aggertalersegelclub.de\/index.php?rest_route=\/wp\/v2\/types\/post"}],"author":[{"embeddable":true,"href":"https:\/\/www.aggertalersegelclub.de\/index.php?rest_route=\/wp\/v2\/users\/2"}],"replies":[{"embeddable":true,"href":"https:\/\/www.aggertalersegelclub.de\/index.php?rest_route=%2Fwp%2Fv2%2Fcomments&post=8010"}],"version-history":[{"count":2,"href":"https:\/\/www.aggertalersegelclub.de\/index.php?rest_route=\/wp\/v2\/posts\/8010\/revisions"}],"predecessor-version":[{"id":8012,"href":"https:\/\/www.aggertalersegelclub.de\/index.php?rest_route=\/wp\/v2\/posts\/8010\/revisions\/8012"}],"wp:attachment":[{"href":"https:\/\/www.aggertalersegelclub.de\/index.php?rest_route=%2Fwp%2Fv2%2Fmedia&parent=8010"}],"wp:term":[{"taxonomy":"category","embeddable":true,"href":"https:\/\/www.aggertalersegelclub.de\/index.php?rest_route=%2Fwp%2Fv2%2Fcategories&post=8010"},{"taxonomy":"post_tag","embeddable":true,"href":"https:\/\/www.aggertalersegelclub.de\/index.php?rest_route=%2Fwp%2Fv2%2Ftags&post=8010"}],"curies":[{"name":"wp","href":"https:\/\/api.w.org\/{rel}","templated":true}]}}