{"id":7948,"date":"2025-08-18T11:54:44","date_gmt":"2025-08-18T09:54:44","guid":{"rendered":"https:\/\/www.aggertalersegelclub.de\/?p=7948"},"modified":"2025-08-18T11:56:24","modified_gmt":"2025-08-18T09:56:24","slug":"segelfreizeit-in-koudum-ein-wochenende-voller-wind-wasser-und-wunder","status":"publish","type":"post","link":"https:\/\/www.aggertalersegelclub.de\/?p=7948","title":{"rendered":"Segelfreizeit in Koudum: Ein Wochenende voller Wind, Wasser und Wunder"},"content":{"rendered":"\n<p>Auch in diesem Jahr hie\u00df es f\u00fcr uns wieder: Fronleichnam ist Koudum-Zeit! Die Jugend des Aggertaler Segel-Clubs machte sich mit zwei 420er, drei Optis, neun segelnde Kindern, deren Eltern, dem in diesem Jahr neu dazugesto\u00dfenen Trainer der 420er-Boote, sowie dem ehemaligen Jugendwart und seiner Frau auf den Weg ins sch\u00f6ne Friesland.<\/p>\n\n\n\n<p><strong>Ankunft &amp; erste Abenteuer<\/strong><\/p>\n\n\n\n<p>Nach einer langen Anreise am Mittwochabend kamen wir alle wohlbehalten an. Die Kinder fielen nach einer ersten Erkundung des Gel\u00e4ndes m\u00fcde in ihre Betten \u2013 und wir Eltern konnten sp\u00fcren: Das wird ein ganz besonderes Wochenende.<\/p>\n\n\n\n<figure class=\"wp-block-image size-large\"><img loading=\"lazy\" decoding=\"async\" width=\"768\" height=\"1024\" src=\"https:\/\/www.aggertalersegelclub.de\/wordpress\/wp-content\/uploads\/2025\/08\/image-20250621-150021-191-768x1024.jpeg\" alt=\"\" class=\"wp-image-7949\" srcset=\"https:\/\/www.aggertalersegelclub.de\/wordpress\/wp-content\/uploads\/2025\/08\/image-20250621-150021-191-768x1024.jpeg 768w, https:\/\/www.aggertalersegelclub.de\/wordpress\/wp-content\/uploads\/2025\/08\/image-20250621-150021-191-225x300.jpeg 225w, https:\/\/www.aggertalersegelclub.de\/wordpress\/wp-content\/uploads\/2025\/08\/image-20250621-150021-191-1152x1536.jpeg 1152w, https:\/\/www.aggertalersegelclub.de\/wordpress\/wp-content\/uploads\/2025\/08\/image-20250621-150021-191.jpeg 1200w\" sizes=\"auto, (max-width: 768px) 100vw, 768px\" \/><\/figure>\n\n\n\n<p>Am Donnerstag starteten wir entspannt. Erstmal ankommen, Boote auspacken, das Gel\u00e4nde erkunden. Wie \u00fcblich mieteten wir einen Polyfalk und eine Schaluppe, damit jeder auch mit raus fahren kann, der m\u00f6chte. Das Revier rund um Koudum ist wirklich ideal: gesch\u00fctzte Bereiche f\u00fcr die ersten Man\u00f6ver, aber auch weite Seen f\u00fcr die Fortgeschrittenen. Und am Nachmittag gab es erste Schl\u00e4ge im Hafenbecken und au\u00dferhalb des Hafenbeckens. Die Opti-Fortgeschrittenen sind sogar bis zum Anleger an der Stra\u00dfe im gro\u00dfen Becken des \u201eFluessen\u201c gesegelt.&nbsp;<\/p>\n\n\n\n<p><strong>Training, fr\u00fches Aufstehen und bestes Segelwetter<\/strong><\/p>\n\n\n\n<p>Am Freitag ging es dann richtig los. Die 420er-Crews und die erfahrenen Opti-Segler nutzten das tolle Wetter und segelten hinaus auf den \u201eFluessen\u201c. Besonders motiviert waren unsere 420er-Crews, die am Abend zuvor in der Windvorhersage entdeckt hatten, dass es am fr\u00fchen Morgen am meisten Wind geben w\u00fcrde. Also standen sie tats\u00e4chlich um 4 Uhr morgens auf, um p\u00fcnktlich zum Sonnenaufgang auf dem Wasser zu sein. Die Kombination aus fr\u00fchem Aufbruch, die Stille des Morgens und bester Wind war einfach zu verlockend. Fast h\u00e4tten sie es bis nach Heeg geschafft. Eine coole Aktion, die definitiv in Erinnerung bleibt!<\/p>\n\n\n\n<p>Am Morgen stand eine kleine Trainingseinheit auf dem Programm. Der Wind sollte im Laufe des Tages stark abnehmen, weswegen am Nachmittag die Zeit f\u00fcr ein Schwimmbadbesuch genutzt werden konnte.&nbsp;<\/p>\n\n\n\n<p>Ein weiteres Highlight war die Taufe des neuen Regatta-Optis. In einer kleinen Zeremonie wurde das neue mit Fahnen geschm\u00fcckte Boot traditionell mit einem Taufspruch und Taufwasser auf den Namen \u201eZeus\u201c getauft. Wir w\u00fcnschen dem Boot auch an dieser Stelle allzeit Mast- und Schotbruch und immer eine Handbreit Wasser unter dem Schwert.&nbsp;<\/p>\n\n\n\n<figure class=\"wp-block-gallery has-nested-images columns-default is-cropped wp-block-gallery-1 is-layout-flex wp-block-gallery-is-layout-flex\">\n<figure class=\"wp-block-image size-large\"><img loading=\"lazy\" decoding=\"async\" width=\"576\" height=\"1024\" data-id=\"7950\" src=\"https:\/\/www.aggertalersegelclub.de\/wordpress\/wp-content\/uploads\/2025\/08\/threema-20250621-141143108.jpg\" alt=\"\" class=\"wp-image-7950\" srcset=\"https:\/\/www.aggertalersegelclub.de\/wordpress\/wp-content\/uploads\/2025\/08\/threema-20250621-141143108.jpg 576w, https:\/\/www.aggertalersegelclub.de\/wordpress\/wp-content\/uploads\/2025\/08\/threema-20250621-141143108-169x300.jpg 169w\" sizes=\"auto, (max-width: 576px) 100vw, 576px\" \/><\/figure>\n\n\n\n<figure class=\"wp-block-image size-large\"><img loading=\"lazy\" decoding=\"async\" width=\"576\" height=\"1024\" data-id=\"7951\" src=\"https:\/\/www.aggertalersegelclub.de\/wordpress\/wp-content\/uploads\/2025\/08\/threema-20250621-141143805.jpg\" alt=\"\" class=\"wp-image-7951\" srcset=\"https:\/\/www.aggertalersegelclub.de\/wordpress\/wp-content\/uploads\/2025\/08\/threema-20250621-141143805.jpg 576w, https:\/\/www.aggertalersegelclub.de\/wordpress\/wp-content\/uploads\/2025\/08\/threema-20250621-141143805-169x300.jpg 169w\" sizes=\"auto, (max-width: 576px) 100vw, 576px\" \/><\/figure>\n<\/figure>\n\n\n\n<p><strong>Die gro\u00dfe Piratenexpedition<\/strong><\/p>\n\n\n\n<p>Der Samstag war dann unser Familien-Highlight: Die gro\u00dfe Ausfahrt zur legend\u00e4ren Pirateninsel! Die erfahrenen Opti-Kinder und die 420er machten sich unter Segeln auf den Weg. Wir anderen tuckerten ganz entspannt mit Polyfalk und Schaluppe hinterher \u2013 darunter auch die kleineren Geschwister, die an Bord jede Menge zu entdecken hatten.<\/p>\n\n\n\n<figure class=\"wp-block-image size-full\"><img loading=\"lazy\" decoding=\"async\" width=\"1024\" height=\"461\" src=\"https:\/\/www.aggertalersegelclub.de\/wordpress\/wp-content\/uploads\/2025\/08\/threema-20250622-213807832.jpg\" alt=\"\" class=\"wp-image-7952\" srcset=\"https:\/\/www.aggertalersegelclub.de\/wordpress\/wp-content\/uploads\/2025\/08\/threema-20250622-213807832.jpg 1024w, https:\/\/www.aggertalersegelclub.de\/wordpress\/wp-content\/uploads\/2025\/08\/threema-20250622-213807832-300x135.jpg 300w, https:\/\/www.aggertalersegelclub.de\/wordpress\/wp-content\/uploads\/2025\/08\/threema-20250622-213807832-768x346.jpg 768w\" sizes=\"auto, (max-width: 1024px) 100vw, 1024px\" \/><\/figure>\n\n\n\n<figure class=\"wp-block-image size-large\"><img loading=\"lazy\" decoding=\"async\" width=\"1024\" height=\"768\" src=\"https:\/\/www.aggertalersegelclub.de\/wordpress\/wp-content\/uploads\/2025\/08\/image-20250620-095820-668-1024x768.jpeg\" alt=\"\" class=\"wp-image-7954\" srcset=\"https:\/\/www.aggertalersegelclub.de\/wordpress\/wp-content\/uploads\/2025\/08\/image-20250620-095820-668-1024x768.jpeg 1024w, https:\/\/www.aggertalersegelclub.de\/wordpress\/wp-content\/uploads\/2025\/08\/image-20250620-095820-668-300x225.jpeg 300w, https:\/\/www.aggertalersegelclub.de\/wordpress\/wp-content\/uploads\/2025\/08\/image-20250620-095820-668-768x576.jpeg 768w, https:\/\/www.aggertalersegelclub.de\/wordpress\/wp-content\/uploads\/2025\/08\/image-20250620-095820-668-1536x1152.jpeg 1536w, https:\/\/www.aggertalersegelclub.de\/wordpress\/wp-content\/uploads\/2025\/08\/image-20250620-095820-668.jpeg 1600w\" sizes=\"auto, (max-width: 1024px) 100vw, 1024px\" \/><\/figure>\n\n\n\n<figure class=\"wp-block-image size-full\"><img loading=\"lazy\" decoding=\"async\" width=\"1024\" height=\"461\" src=\"https:\/\/www.aggertalersegelclub.de\/wordpress\/wp-content\/uploads\/2025\/08\/threema-20250622-213808097.jpg\" alt=\"\" class=\"wp-image-7953\" srcset=\"https:\/\/www.aggertalersegelclub.de\/wordpress\/wp-content\/uploads\/2025\/08\/threema-20250622-213808097.jpg 1024w, https:\/\/www.aggertalersegelclub.de\/wordpress\/wp-content\/uploads\/2025\/08\/threema-20250622-213808097-300x135.jpg 300w, https:\/\/www.aggertalersegelclub.de\/wordpress\/wp-content\/uploads\/2025\/08\/threema-20250622-213808097-768x346.jpg 768w\" sizes=\"auto, (max-width: 1024px) 100vw, 1024px\" \/><\/figure>\n\n\n\n<p>Auf der Insel wartete eine \u00dcberraschung: die Sage vom Piratenschatz! Nach einer kurzen St\u00e4rkung machten sich die Kinder begeistert auf die Suche \u2013 und fanden tats\u00e4chlich, gut versteckt zwischen B\u00fcschen und Steinen, eine riesige Packung Haribo. Ob die wohl ein echter Pirat zur\u00fcckgelassen hatte?<\/p>\n\n\n\n<figure class=\"wp-block-image size-large\"><img loading=\"lazy\" decoding=\"async\" width=\"1024\" height=\"577\" src=\"https:\/\/www.aggertalersegelclub.de\/wordpress\/wp-content\/uploads\/2025\/08\/threema-20250620-085910055-1024x577.jpg\" alt=\"\" class=\"wp-image-7956\" srcset=\"https:\/\/www.aggertalersegelclub.de\/wordpress\/wp-content\/uploads\/2025\/08\/threema-20250620-085910055-1024x577.jpg 1024w, https:\/\/www.aggertalersegelclub.de\/wordpress\/wp-content\/uploads\/2025\/08\/threema-20250620-085910055-300x169.jpg 300w, https:\/\/www.aggertalersegelclub.de\/wordpress\/wp-content\/uploads\/2025\/08\/threema-20250620-085910055-768x432.jpg 768w, https:\/\/www.aggertalersegelclub.de\/wordpress\/wp-content\/uploads\/2025\/08\/threema-20250620-085910055-1536x865.jpg 1536w, https:\/\/www.aggertalersegelclub.de\/wordpress\/wp-content\/uploads\/2025\/08\/threema-20250620-085910055.jpg 1600w\" sizes=\"auto, (max-width: 1024px) 100vw, 1024px\" \/><\/figure>\n\n\n\n<p><strong>Abschied mit R\u00fcckenwind<\/strong><\/p>\n\n\n\n<p>Am Sonntag hie\u00df es dann langsam Abschied nehmen. W\u00e4hrend die 420er noch eine letzte Trainingseinheit auf dem Wasser absolvierten, machten sich die Opti-Segler mit ihren Familien bereits auf den Heimweg. M\u00fcde, aber \u00fcbergl\u00fccklich.<\/p>\n\n\n\n<figure class=\"wp-block-image size-full\"><img loading=\"lazy\" decoding=\"async\" width=\"1024\" height=\"576\" src=\"https:\/\/www.aggertalersegelclub.de\/wordpress\/wp-content\/uploads\/2025\/08\/threema-20250621-141140739.jpg\" alt=\"\" class=\"wp-image-7955\" srcset=\"https:\/\/www.aggertalersegelclub.de\/wordpress\/wp-content\/uploads\/2025\/08\/threema-20250621-141140739.jpg 1024w, https:\/\/www.aggertalersegelclub.de\/wordpress\/wp-content\/uploads\/2025\/08\/threema-20250621-141140739-300x169.jpg 300w, https:\/\/www.aggertalersegelclub.de\/wordpress\/wp-content\/uploads\/2025\/08\/threema-20250621-141140739-768x432.jpg 768w\" sizes=\"auto, (max-width: 1024px) 100vw, 1024px\" \/><\/figure>\n\n\n\n<p><strong>Fazit einer Familie<\/strong><\/p>\n\n\n\n<p>Was bleibt, sind sonnengew\u00e4rmte Erinnerungen, leuchtende Kinderaugen \u2013 und jede Menge Lust auf mehr. Die Mischung aus Training, Natur, Gemeinschaft und Abenteuer war einfach perfekt. F\u00fcr uns als Familie war es ein unvergessliches Wochenende.<\/p>\n\n\n\n<p>Wir freuen uns schon jetzt aufs n\u00e4chste Jahr in Koudum \u2013 mit hoffentlich genauso viel Wind, Sonne, Wasser und Herz.<\/p>\n","protected":false},"excerpt":{"rendered":"<p>Bericht \u00fcber die Segelfreizeit der ASC-Jugend in Koudum. F\u00fcr mehr Infos klicken Sie bitte auf die \u00dcberschrift. <\/p>\n","protected":false},"author":2,"featured_media":7956,"comment_status":"closed","ping_status":"closed","sticky":false,"template":"","format":"standard","meta":{"ngg_post_thumbnail":0,"footnotes":"","_links_to":"","_links_to_target":""},"categories":[5],"tags":[],"class_list":["post-7948","post","type-post","status-publish","format-standard","hentry","category-jugend"],"_links":{"self":[{"href":"https:\/\/www.aggertalersegelclub.de\/index.php?rest_route=\/wp\/v2\/posts\/7948","targetHints":{"allow":["GET"]}}],"collection":[{"href":"https:\/\/www.aggertalersegelclub.de\/index.php?rest_route=\/wp\/v2\/posts"}],"about":[{"href":"https:\/\/www.aggertalersegelclub.de\/index.php?rest_route=\/wp\/v2\/types\/post"}],"author":[{"embeddable":true,"href":"https:\/\/www.aggertalersegelclub.de\/index.php?rest_route=\/wp\/v2\/users\/2"}],"replies":[{"embeddable":true,"href":"https:\/\/www.aggertalersegelclub.de\/index.php?rest_route=%2Fwp%2Fv2%2Fcomments&post=7948"}],"version-history":[{"count":1,"href":"https:\/\/www.aggertalersegelclub.de\/index.php?rest_route=\/wp\/v2\/posts\/7948\/revisions"}],"predecessor-version":[{"id":7957,"href":"https:\/\/www.aggertalersegelclub.de\/index.php?rest_route=\/wp\/v2\/posts\/7948\/revisions\/7957"}],"wp:featuredmedia":[{"embeddable":true,"href":"https:\/\/www.aggertalersegelclub.de\/index.php?rest_route=\/wp\/v2\/media\/7956"}],"wp:attachment":[{"href":"https:\/\/www.aggertalersegelclub.de\/index.php?rest_route=%2Fwp%2Fv2%2Fmedia&parent=7948"}],"wp:term":[{"taxonomy":"category","embeddable":true,"href":"https:\/\/www.aggertalersegelclub.de\/index.php?rest_route=%2Fwp%2Fv2%2Fcategories&post=7948"},{"taxonomy":"post_tag","embeddable":true,"href":"https:\/\/www.aggertalersegelclub.de\/index.php?rest_route=%2Fwp%2Fv2%2Ftags&post=7948"}],"curies":[{"name":"wp","href":"https:\/\/api.w.org\/{rel}","templated":true}]}}