{"id":7938,"date":"2025-08-18T11:48:06","date_gmt":"2025-08-18T09:48:06","guid":{"rendered":"https:\/\/www.aggertalersegelclub.de\/?p=7938"},"modified":"2025-08-18T11:48:06","modified_gmt":"2025-08-18T09:48:06","slug":"regattanachwuchs-mit-rueckenwind","status":"publish","type":"post","link":"https:\/\/www.aggertalersegelclub.de\/?p=7938","title":{"rendered":"Regattanachwuchs mit R\u00fcckenwind"},"content":{"rendered":"\n<p>Segeljugend zeigt beim Baldeneysee-Cup K\u00f6nnen und Teamgeist<\/p>\n\n\n\n<p>Essen\u2009\u2013\u2009Bei besten Bedingungen fand am vergangenen Wochenende auf dem Baldeneysee eine gro\u00dfe Nachwuchsregatta im Optimist-Jollen-Segeln statt. Rund 30 junge Seglerinnen und Segler aus verschiedenen Vereinen Nordrhein-Westfalens trafen sich am traditionsreichen Revier, um bei Sonne, stetigem Wind und fairen Wettk\u00e4mpfen ihr K\u00f6nnen unter Beweis zu stellen.&nbsp;<\/p>\n\n\n\n<figure class=\"wp-block-image size-large\"><img loading=\"lazy\" decoding=\"async\" width=\"1024\" height=\"576\" src=\"https:\/\/www.aggertalersegelclub.de\/wordpress\/wp-content\/uploads\/2025\/08\/20250628_143602-1024x576.jpg\" alt=\"\" class=\"wp-image-7942\" srcset=\"https:\/\/www.aggertalersegelclub.de\/wordpress\/wp-content\/uploads\/2025\/08\/20250628_143602-1024x576.jpg 1024w, https:\/\/www.aggertalersegelclub.de\/wordpress\/wp-content\/uploads\/2025\/08\/20250628_143602-300x169.jpg 300w, https:\/\/www.aggertalersegelclub.de\/wordpress\/wp-content\/uploads\/2025\/08\/20250628_143602-768x432.jpg 768w, https:\/\/www.aggertalersegelclub.de\/wordpress\/wp-content\/uploads\/2025\/08\/20250628_143602-1536x864.jpg 1536w, https:\/\/www.aggertalersegelclub.de\/wordpress\/wp-content\/uploads\/2025\/08\/20250628_143602-2048x1152.jpg 2048w\" sizes=\"auto, (max-width: 1024px) 100vw, 1024px\" \/><\/figure>\n\n\n\n<p>Besonders engagiert zeigten sich Lukas und Magnus, zwei Nachwuchstalente des ASC, die mit ihren Booten sicher durch das gro\u00dfe Regattafeld man\u00f6vrierten. Trotz der anspruchsvollen Kurse und des engen Teilnehmerfeldes bewiesen die beiden junge Sportler Ausdauer, \u00dcbersicht und eine bemerkenswerte Portion Sportsgeist. Der YCL Trainer, der die Bigge-Kids vom YCL und YRC betreut hatte, hatte auch ein paar Tipps und Tricks Lukas und Magnus gerne geteilt. Daf\u00fcr vielen Dank nochmal an dieser Stelle.<\/p>\n\n\n\n<figure class=\"wp-block-image size-large\"><img loading=\"lazy\" decoding=\"async\" width=\"576\" height=\"1024\" src=\"https:\/\/www.aggertalersegelclub.de\/wordpress\/wp-content\/uploads\/2025\/08\/20250628_174943-1-576x1024.jpg\" alt=\"\" class=\"wp-image-7943\" srcset=\"https:\/\/www.aggertalersegelclub.de\/wordpress\/wp-content\/uploads\/2025\/08\/20250628_174943-1-576x1024.jpg 576w, https:\/\/www.aggertalersegelclub.de\/wordpress\/wp-content\/uploads\/2025\/08\/20250628_174943-1-169x300.jpg 169w, https:\/\/www.aggertalersegelclub.de\/wordpress\/wp-content\/uploads\/2025\/08\/20250628_174943-1-768x1365.jpg 768w, https:\/\/www.aggertalersegelclub.de\/wordpress\/wp-content\/uploads\/2025\/08\/20250628_174943-1-864x1536.jpg 864w, https:\/\/www.aggertalersegelclub.de\/wordpress\/wp-content\/uploads\/2025\/08\/20250628_174943-1-1152x2048.jpg 1152w, https:\/\/www.aggertalersegelclub.de\/wordpress\/wp-content\/uploads\/2025\/08\/20250628_174943-1-scaled.jpg 1440w\" sizes=\"auto, (max-width: 576px) 100vw, 576px\" \/><\/figure>\n\n\n\n<p>W\u00e4hrend Lukas sich mit konstant solider Leistung im Mittelfeld platzieren konnte, sammelte Magnus wichtige Regattaerfahrung und lie\u00df sich auch von kleineren Herausforderungen nicht beirren. Die beiden jungen Segler unterst\u00fctzten sich gegenseitig, und hatten auch an Land viel Spa\u00df mit den anderen Kindern.<\/p>\n\n\n\n<p>Die Veranstaltung wurde von zahlreichen Helferinnen und Helfern organisiert, die sowohl auf dem Wasser als auch an Land f\u00fcr einen reibungslosen Ablauf sorgten und alle eine wunderbare Zeit auf und am Wasser hatten.&nbsp;<\/p>\n\n\n\n<figure class=\"wp-block-image size-large\"><img loading=\"lazy\" decoding=\"async\" width=\"576\" height=\"1024\" src=\"https:\/\/www.aggertalersegelclub.de\/wordpress\/wp-content\/uploads\/2025\/08\/20250628_132524-576x1024.jpg\" alt=\"\" class=\"wp-image-7944\" srcset=\"https:\/\/www.aggertalersegelclub.de\/wordpress\/wp-content\/uploads\/2025\/08\/20250628_132524-576x1024.jpg 576w, https:\/\/www.aggertalersegelclub.de\/wordpress\/wp-content\/uploads\/2025\/08\/20250628_132524-169x300.jpg 169w, https:\/\/www.aggertalersegelclub.de\/wordpress\/wp-content\/uploads\/2025\/08\/20250628_132524-768x1365.jpg 768w, https:\/\/www.aggertalersegelclub.de\/wordpress\/wp-content\/uploads\/2025\/08\/20250628_132524-864x1536.jpg 864w, https:\/\/www.aggertalersegelclub.de\/wordpress\/wp-content\/uploads\/2025\/08\/20250628_132524-1152x2048.jpg 1152w, https:\/\/www.aggertalersegelclub.de\/wordpress\/wp-content\/uploads\/2025\/08\/20250628_132524-scaled.jpg 1440w\" sizes=\"auto, (max-width: 576px) 100vw, 576px\" \/><\/figure>\n\n\n\n<p>Am Ende stand f\u00fcr viele weniger das Ergebnis als vielmehr die Erfahrung im Mittelpunkt. \u201eEs war ein tolles Wochenende mit Wind, Sonne und vielen spannenden Wettfahrten\u201c, sagte ein Betreuer zufrieden. \u201eUnd ganz sicher nicht das letzte Mal, dass wir Lukas und Magnus auf einer Startlinie sehen.\u201c<\/p>\n\n\n\n<p><\/p>\n","protected":false},"excerpt":{"rendered":"<p>Bericht \u00fcber die Opitpussi Regatta 2025 der ASC-Optisegler. F\u00fcr mehr Infos klicken Sie bitte auf die \u00dcberschrift.<\/p>\n","protected":false},"author":2,"featured_media":0,"comment_status":"closed","ping_status":"closed","sticky":false,"template":"","format":"standard","meta":{"ngg_post_thumbnail":0,"footnotes":"","_links_to":"","_links_to_target":""},"categories":[5],"tags":[],"class_list":["post-7938","post","type-post","status-publish","format-standard","hentry","category-jugend"],"_links":{"self":[{"href":"https:\/\/www.aggertalersegelclub.de\/index.php?rest_route=\/wp\/v2\/posts\/7938","targetHints":{"allow":["GET"]}}],"collection":[{"href":"https:\/\/www.aggertalersegelclub.de\/index.php?rest_route=\/wp\/v2\/posts"}],"about":[{"href":"https:\/\/www.aggertalersegelclub.de\/index.php?rest_route=\/wp\/v2\/types\/post"}],"author":[{"embeddable":true,"href":"https:\/\/www.aggertalersegelclub.de\/index.php?rest_route=\/wp\/v2\/users\/2"}],"replies":[{"embeddable":true,"href":"https:\/\/www.aggertalersegelclub.de\/index.php?rest_route=%2Fwp%2Fv2%2Fcomments&post=7938"}],"version-history":[{"count":2,"href":"https:\/\/www.aggertalersegelclub.de\/index.php?rest_route=\/wp\/v2\/posts\/7938\/revisions"}],"predecessor-version":[{"id":7946,"href":"https:\/\/www.aggertalersegelclub.de\/index.php?rest_route=\/wp\/v2\/posts\/7938\/revisions\/7946"}],"wp:attachment":[{"href":"https:\/\/www.aggertalersegelclub.de\/index.php?rest_route=%2Fwp%2Fv2%2Fmedia&parent=7938"}],"wp:term":[{"taxonomy":"category","embeddable":true,"href":"https:\/\/www.aggertalersegelclub.de\/index.php?rest_route=%2Fwp%2Fv2%2Fcategories&post=7938"},{"taxonomy":"post_tag","embeddable":true,"href":"https:\/\/www.aggertalersegelclub.de\/index.php?rest_route=%2Fwp%2Fv2%2Ftags&post=7938"}],"curies":[{"name":"wp","href":"https:\/\/api.w.org\/{rel}","templated":true}]}}