{"id":7892,"date":"2025-06-01T21:39:00","date_gmt":"2025-06-01T19:39:00","guid":{"rendered":"https:\/\/www.aggertalersegelclub.de\/?p=7892"},"modified":"2025-06-01T21:39:15","modified_gmt":"2025-06-01T19:39:15","slug":"opti-regatta-beim-sci-erfolgreiches-wochenende-fuer-unsere-nachwuchssegler","status":"publish","type":"post","link":"https:\/\/www.aggertalersegelclub.de\/?p=7892","title":{"rendered":"Opti-Regatta beim SCI \u2013 Erfolgreiches Wochenende f\u00fcr unsere Nachwuchssegler"},"content":{"rendered":"\n<p>Am 26. und 27. April ging\u2019s f\u00fcr unsere Opti-Segler Magnus und Lukas zur Jugendregatta beim Segelclub Inheiden (SCI) am Traiss-Horloffer-See. Schon am Freitagnachmittag konnten die beiden beim Training bei gutem Wind ihre Boote trimmen und erste Eindr\u00fccke vom Revier sammeln.<\/p>\n\n\n<div class=\"wp-block-image\">\n<figure class=\"aligncenter size-full\"><a href=\"https:\/\/www.aggertalersegelclub.de\/wordpress\/wp-content\/uploads\/2025\/06\/2.jpg\"><img loading=\"lazy\" decoding=\"async\" width=\"349\" height=\"422\" src=\"https:\/\/www.aggertalersegelclub.de\/wordpress\/wp-content\/uploads\/2025\/06\/2.jpg\" alt=\"\" class=\"wp-image-7897\" srcset=\"https:\/\/www.aggertalersegelclub.de\/wordpress\/wp-content\/uploads\/2025\/06\/2.jpg 349w, https:\/\/www.aggertalersegelclub.de\/wordpress\/wp-content\/uploads\/2025\/06\/2-248x300.jpg 248w\" sizes=\"auto, (max-width: 349px) 100vw, 349px\" \/><\/a><\/figure>\n<\/div>\n\n\n<p>Insgesamt waren 36 Optimisten am Start \u2013 ein starkes Feld! F\u00fcr Magnus war es die erste B-Regatta, f\u00fcr Lukas schon die zweite B-Regattaerfahrung. Beide lieferten am Samstag bei richtig gutem Wind drei super L\u00e4ufe ab: Magnus lag am Ende auf Platz 14, Lukas auf einem tollen 7. Platz.<\/p>\n\n\n<div class=\"wp-block-image\">\n<figure class=\"aligncenter size-full\"><a href=\"https:\/\/www.aggertalersegelclub.de\/wordpress\/wp-content\/uploads\/2025\/06\/3.jpg\"><img loading=\"lazy\" decoding=\"async\" width=\"350\" height=\"435\" src=\"https:\/\/www.aggertalersegelclub.de\/wordpress\/wp-content\/uploads\/2025\/06\/3.jpg\" alt=\"\" class=\"wp-image-7898\" srcset=\"https:\/\/www.aggertalersegelclub.de\/wordpress\/wp-content\/uploads\/2025\/06\/3.jpg 350w, https:\/\/www.aggertalersegelclub.de\/wordpress\/wp-content\/uploads\/2025\/06\/3-241x300.jpg 241w\" sizes=\"auto, (max-width: 350px) 100vw, 350px\" \/><\/a><\/figure>\n<\/div>\n\n\n<p>Am Sonntag wollten alle nochmal angreifen, aber leider machte der Wind schlapp \u2013 kein Start mehr m\u00f6glich. Also blieb es bei den Ergebnissen vom Vortag.<\/p>\n\n\n\n<p>Das Regattawochenende war super organisiert, das Gel\u00e4nde am See ist sehr sch\u00f6n und auch f\u00fcr Verpflegung war bestens gesorgt \u2013 da f\u00fchlt man sich als Segler &amp; Landcrew richtig wohl! F\u00fcr Thomas war es au\u00dferdem eine Premiere: Seine erste Regatta als neuer Jugendwart des ASC \u2013 und nat\u00fcrlich auch als stolzer Vater.<\/p>\n\n\n<div class=\"wp-block-image\">\n<figure class=\"aligncenter size-full\"><a href=\"https:\/\/www.aggertalersegelclub.de\/wordpress\/wp-content\/uploads\/2025\/06\/1.jpg\"><img loading=\"lazy\" decoding=\"async\" width=\"282\" height=\"416\" src=\"https:\/\/www.aggertalersegelclub.de\/wordpress\/wp-content\/uploads\/2025\/06\/1.jpg\" alt=\"\" class=\"wp-image-7899\" srcset=\"https:\/\/www.aggertalersegelclub.de\/wordpress\/wp-content\/uploads\/2025\/06\/1.jpg 282w, https:\/\/www.aggertalersegelclub.de\/wordpress\/wp-content\/uploads\/2025\/06\/1-203x300.jpg 203w\" sizes=\"auto, (max-width: 282px) 100vw, 282px\" \/><\/a><\/figure>\n<\/div>\n\n\n<p>Nach der Siegerehrung um 14 Uhr hie\u00df es dann: Boote abbauen, Optis verladen und zur\u00fcck nach Olpe. Ein gro\u00dfes Dankesch\u00f6n an den WSVB f\u00fcr das Ausleihen des&nbsp;Opti-Anh\u00e4ngers!<\/p>\n","protected":false},"excerpt":{"rendered":"<p>Bericht von der Opti-Regatta am Trais-Horloffer-See. F\u00fcr mehr Infos klicken Sie bitte auf die \u00dcberschrift.<\/p>\n","protected":false},"author":2,"featured_media":0,"comment_status":"closed","ping_status":"closed","sticky":false,"template":"","format":"standard","meta":{"ngg_post_thumbnail":0,"footnotes":"","_links_to":"","_links_to_target":""},"categories":[5],"tags":[],"class_list":["post-7892","post","type-post","status-publish","format-standard","hentry","category-jugend"],"_links":{"self":[{"href":"https:\/\/www.aggertalersegelclub.de\/index.php?rest_route=\/wp\/v2\/posts\/7892","targetHints":{"allow":["GET"]}}],"collection":[{"href":"https:\/\/www.aggertalersegelclub.de\/index.php?rest_route=\/wp\/v2\/posts"}],"about":[{"href":"https:\/\/www.aggertalersegelclub.de\/index.php?rest_route=\/wp\/v2\/types\/post"}],"author":[{"embeddable":true,"href":"https:\/\/www.aggertalersegelclub.de\/index.php?rest_route=\/wp\/v2\/users\/2"}],"replies":[{"embeddable":true,"href":"https:\/\/www.aggertalersegelclub.de\/index.php?rest_route=%2Fwp%2Fv2%2Fcomments&post=7892"}],"version-history":[{"count":3,"href":"https:\/\/www.aggertalersegelclub.de\/index.php?rest_route=\/wp\/v2\/posts\/7892\/revisions"}],"predecessor-version":[{"id":7901,"href":"https:\/\/www.aggertalersegelclub.de\/index.php?rest_route=\/wp\/v2\/posts\/7892\/revisions\/7901"}],"wp:attachment":[{"href":"https:\/\/www.aggertalersegelclub.de\/index.php?rest_route=%2Fwp%2Fv2%2Fmedia&parent=7892"}],"wp:term":[{"taxonomy":"category","embeddable":true,"href":"https:\/\/www.aggertalersegelclub.de\/index.php?rest_route=%2Fwp%2Fv2%2Fcategories&post=7892"},{"taxonomy":"post_tag","embeddable":true,"href":"https:\/\/www.aggertalersegelclub.de\/index.php?rest_route=%2Fwp%2Fv2%2Ftags&post=7892"}],"curies":[{"name":"wp","href":"https:\/\/api.w.org\/{rel}","templated":true}]}}