{"id":7818,"date":"2025-03-04T07:22:16","date_gmt":"2025-03-04T05:22:16","guid":{"rendered":"https:\/\/www.aggertalersegelclub.de\/?p=7818"},"modified":"2025-03-04T07:22:16","modified_gmt":"2025-03-04T05:22:16","slug":"asc-arbeitsdienst-am-15-maerz","status":"publish","type":"post","link":"https:\/\/www.aggertalersegelclub.de\/?p=7818","title":{"rendered":"ASC-Arbeitsdienst am 15. M\u00e4rz"},"content":{"rendered":"\n<p>Liebe ASCler,<\/p>\n\n\n\n<p>f\u00fcr Samstag<strong>,<\/strong>&nbsp;den&nbsp;<strong>15.03.2025<\/strong>&nbsp;planen wir unseren ersteren Arbeitsdienst der Saison.<\/p>\n\n\n\n<p>Wir beginnen um&nbsp;<strong>11:00 Uhr<\/strong>&nbsp;mit dem&nbsp;<strong>Anlanden<\/strong>&nbsp;des<strong>&nbsp;Nord-Steges (Steg1)<\/strong>&nbsp;und des&nbsp;<strong>S\u00fcd-Steges (Steg2).<\/strong>&nbsp;Ben\u00f6tigt werden f\u00fcr diese Arbeiten: Gummistiefeln, Schwimmweste und Arbeitshandschuhe.<\/p>\n\n\n\n<p>Ein besonderer&nbsp;<strong><u>Schwerpunkt<\/u><\/strong>&nbsp;des Dienstes liegt&nbsp;auf der&nbsp;<strong><u>Reinigung der Stegbretter<\/u><\/strong>, im Rahmen der Wegesicherung, um ein gefahrloses betreten der Stege zu erm\u00f6glichen.<\/p>\n\n\n<div class=\"wp-block-image\">\n<figure class=\"aligncenter\"><img decoding=\"async\" src=\"http:\/\/www.aggertalersegelclub.de\/wordpress\/wp-content\/uploads\/2010\/02\/arbeitsdienst_alt.jpg\" alt=\"\" title=\"arbeitsdienst_alt\"\/><\/figure>\n<\/div>\n\n\n<p>Hierf\u00fcr werden ebenfalls Gummistiefel und Schwimmwesten ben\u00f6tigt. Dar\u00fcber hinaus sind f\u00fcr die Reinigungsarbeiten Eimer und Schrubber in gro\u00dfer Zahl notwendig.<\/p>\n\n\n\n<p>Dar\u00fcber hinaus plant unser Platzmeister Hajo noch einige&nbsp;<strong>Arbeiten im Gel\u00e4nde<\/strong>. Da im Herbst 2024 sehr gut vorgearbeitet wurde, beschr\u00e4nken sich die Arbeiten im Fr\u00fchjahr 2025 auf:<\/p>\n\n\n\n<p>&#8211; Beseitigen von Laub und Astwerk, kehren des Flaggenplatzes, Stra\u00dfe, Parkpl\u00e4tzen und Weg zu Stegen. Abfahren des Laubs etc. zur Deponie. Es stehen zwei Anh\u00e4nger zur Verf\u00fcgung, die abwechselnd zum Beladen oder Fahren zur Deponie verwendet werden.<\/p>\n\n\n\n<p>&#8211; Kontrolle der Beete und Begr\u00fcnungen, ggfs. Hand anlegen.<\/p>\n\n\n\n<p>&#8211; Kontrolle von B\u00e4nken und Tischen (Feuerschale) auf Zustand. Besch\u00e4digte Teile ggfs., reparieren.<\/p>\n\n\n\n<p>&#8211; Spielger\u00fcst auf Sicherheit pr\u00fcfen. Abstimmung mit HaJo Suchanek bei Reparaturbedarf.<\/p>\n\n\n\n<p>&#8211; Kontrolle der B\u00e4nke Flaggenmastplatz.<\/p>\n\n\n\n<p>&#8211; Kontrolle der restlichen Sitzb\u00e4nke auf dem Gel\u00e4nde und ggfs. ausbessern, bzw. vormerken f\u00fcr eine sp\u00e4tere Reparatur.<\/p>\n\n\n\n<p>&#8211; Kontrolle des Ger\u00e4teh\u00e4uschens und der Schuppen auf Besch\u00e4digungen, ggfs. Reparatur bzw. sp\u00e4ter.<\/p>\n\n\n\n<p>&#8211; Umlagerung des SABO-Mulchm\u00e4hers und der Motorsense von der Jugendgarage ins Ger\u00e4teh\u00e4uschen und Funktionskontrolle.<\/p>\n\n\n\n<p>&#8211; ggfs. Rasen m\u00e4hen.<\/p>\n\n\n\n<p>Hierf\u00fcr werden Schaufeln, Harken, Laubs\u00e4cke, Besen. Vorsichtshalber: Heckenschere, Astschere, Kettens\u00e4gen, pers\u00f6nliche Ausstattung wie Handschuhe usw. ben\u00f6tigt.<\/p>\n\n\n\n<p>Der Arbeitsdienst&nbsp;<strong>endet<\/strong>&nbsp;um ca.&nbsp;<strong>14.00 Uhr<\/strong>&nbsp;bei einer leckeren Grillwurst und einem k\u00fchlen Getr\u00e4nk.<\/p>\n\n\n\n<p>Unser Hafen- und Platzmeister freuen sich \u00fcber eine gro\u00dfe Beteiligung, nach dem Motto viele H\u00e4nde schnelles Ende -&#x1f60a;<\/p>\n\n\n\n<p>Im Anschluss daran starten wir um&nbsp;<strong>15.00 Uhr<\/strong>&nbsp;mit unserer&nbsp;<strong>Jahreshauptversammlung<\/strong>.<\/p>\n\n\n\n<p>Mit freundlichem Gr\u00fc\u00dfen<\/p>\n\n\n\n<p>Der Vorstand<\/p>\n","protected":false},"excerpt":{"rendered":"<p>Einladung zum ASC-Arbeitsdienst am 15.03.2025. F\u00fcr mehr Infos klicken Sie bitte auf die \u00dcberschrift.<\/p>\n","protected":false},"author":2,"featured_media":0,"comment_status":"closed","ping_status":"closed","sticky":false,"template":"","format":"standard","meta":{"ngg_post_thumbnail":0,"footnotes":"","_links_to":"","_links_to_target":""},"categories":[4],"tags":[],"class_list":["post-7818","post","type-post","status-publish","format-standard","hentry","category-termine"],"_links":{"self":[{"href":"https:\/\/www.aggertalersegelclub.de\/index.php?rest_route=\/wp\/v2\/posts\/7818","targetHints":{"allow":["GET"]}}],"collection":[{"href":"https:\/\/www.aggertalersegelclub.de\/index.php?rest_route=\/wp\/v2\/posts"}],"about":[{"href":"https:\/\/www.aggertalersegelclub.de\/index.php?rest_route=\/wp\/v2\/types\/post"}],"author":[{"embeddable":true,"href":"https:\/\/www.aggertalersegelclub.de\/index.php?rest_route=\/wp\/v2\/users\/2"}],"replies":[{"embeddable":true,"href":"https:\/\/www.aggertalersegelclub.de\/index.php?rest_route=%2Fwp%2Fv2%2Fcomments&post=7818"}],"version-history":[{"count":1,"href":"https:\/\/www.aggertalersegelclub.de\/index.php?rest_route=\/wp\/v2\/posts\/7818\/revisions"}],"predecessor-version":[{"id":7820,"href":"https:\/\/www.aggertalersegelclub.de\/index.php?rest_route=\/wp\/v2\/posts\/7818\/revisions\/7820"}],"wp:attachment":[{"href":"https:\/\/www.aggertalersegelclub.de\/index.php?rest_route=%2Fwp%2Fv2%2Fmedia&parent=7818"}],"wp:term":[{"taxonomy":"category","embeddable":true,"href":"https:\/\/www.aggertalersegelclub.de\/index.php?rest_route=%2Fwp%2Fv2%2Fcategories&post=7818"},{"taxonomy":"post_tag","embeddable":true,"href":"https:\/\/www.aggertalersegelclub.de\/index.php?rest_route=%2Fwp%2Fv2%2Ftags&post=7818"}],"curies":[{"name":"wp","href":"https:\/\/api.w.org\/{rel}","templated":true}]}}