{"id":7778,"date":"2024-11-26T22:32:47","date_gmt":"2024-11-26T20:32:47","guid":{"rendered":"https:\/\/www.aggertalersegelclub.de\/?p=7778"},"modified":"2024-11-26T22:32:47","modified_gmt":"2024-11-26T20:32:47","slug":"asc-opti-segler-erobern-den-elfrather-see","status":"publish","type":"post","link":"https:\/\/www.aggertalersegelclub.de\/?p=7778","title":{"rendered":"ASC-Opti-Segler erobern den Elfrather See"},"content":{"rendered":"\n<p>Nachdem die Saison der Opti-Jugend an der Bigge bereits beendet war und die meisten Optis schon eingewintert waren, machten sich zwei ASC-Kinder mit ihren Optis nochmal auf an den Elfrather See. Dort fand am ersten Novemberwochenende die allj\u00e4hrliche Opti-Saison Ende Regatta des KSK statt. Bei nasskaltem Wetter am Samstag und Sonnenschein am Sonntag segelten Lukas und Magnus ihre erste C-Regatta in fremdem Revier. In jedem Lauf sammelten sie bei m\u00e4\u00dfigen bis frischen Winden viele neue Erfahrungen und hatten gro\u00dfen Spa\u00df. <\/p>\n\n\n\n<figure class=\"wp-block-image size-large\"><a href=\"https:\/\/www.aggertalersegelclub.de\/wordpress\/wp-content\/uploads\/2024\/11\/Segeln_ElfratherSee.jpg\"><img loading=\"lazy\" decoding=\"async\" width=\"1024\" height=\"461\" src=\"https:\/\/www.aggertalersegelclub.de\/wordpress\/wp-content\/uploads\/2024\/11\/Segeln_ElfratherSee-1024x461.jpg\" alt=\"\" class=\"wp-image-7779\" srcset=\"https:\/\/www.aggertalersegelclub.de\/wordpress\/wp-content\/uploads\/2024\/11\/Segeln_ElfratherSee-1024x461.jpg 1024w, https:\/\/www.aggertalersegelclub.de\/wordpress\/wp-content\/uploads\/2024\/11\/Segeln_ElfratherSee-300x135.jpg 300w, https:\/\/www.aggertalersegelclub.de\/wordpress\/wp-content\/uploads\/2024\/11\/Segeln_ElfratherSee-768x346.jpg 768w, https:\/\/www.aggertalersegelclub.de\/wordpress\/wp-content\/uploads\/2024\/11\/Segeln_ElfratherSee-1536x691.jpg 1536w, https:\/\/www.aggertalersegelclub.de\/wordpress\/wp-content\/uploads\/2024\/11\/Segeln_ElfratherSee.jpg 2000w\" sizes=\"auto, (max-width: 1024px) 100vw, 1024px\" \/><\/a><\/figure>\n\n\n\n<p>Magnus segelte gut mit und kam immer im Mittelfeld ins Ziel. Besonders toll fand er, sich Tricks bei anderen Seglern abzugucken. Lukas war immer in der Spitzengruppe zu finden und sicherte sich durch eine tolle Segelleistung den Gesamtsieg. Als Belohnung konnte er zu seiner gro\u00dfen \u00dcberraschung den Wanderpokal mit nach Hause nehmen. Alles in allem war es ein tolles Wochenende mit vielen neuen Eindr\u00fccken und netten Begegnungen, auch dank der tollen Organisation und Verpflegung durch den KSK. Gerne kommen die beiden Nachwuchs-Segler im n\u00e4chsten Jahr wieder, immerhin gilt es den Wanderpokal zu verteidigen.<\/p>\n\n\n\n<figure class=\"wp-block-image size-large\"><a href=\"https:\/\/www.aggertalersegelclub.de\/wordpress\/wp-content\/uploads\/2024\/11\/Siegerehrung_ElfratherSee.jpg\"><img loading=\"lazy\" decoding=\"async\" width=\"461\" height=\"1024\" src=\"https:\/\/www.aggertalersegelclub.de\/wordpress\/wp-content\/uploads\/2024\/11\/Siegerehrung_ElfratherSee-461x1024.jpg\" alt=\"\" class=\"wp-image-7780\" srcset=\"https:\/\/www.aggertalersegelclub.de\/wordpress\/wp-content\/uploads\/2024\/11\/Siegerehrung_ElfratherSee-461x1024.jpg 461w, https:\/\/www.aggertalersegelclub.de\/wordpress\/wp-content\/uploads\/2024\/11\/Siegerehrung_ElfratherSee-135x300.jpg 135w, https:\/\/www.aggertalersegelclub.de\/wordpress\/wp-content\/uploads\/2024\/11\/Siegerehrung_ElfratherSee-768x1707.jpg 768w, https:\/\/www.aggertalersegelclub.de\/wordpress\/wp-content\/uploads\/2024\/11\/Siegerehrung_ElfratherSee-691x1536.jpg 691w, https:\/\/www.aggertalersegelclub.de\/wordpress\/wp-content\/uploads\/2024\/11\/Siegerehrung_ElfratherSee.jpg 900w\" sizes=\"auto, (max-width: 461px) 100vw, 461px\" \/><\/a><\/figure>\n\n\n\n<p>Text: Familie Kie\u00dflich<\/p>\n\n\n\n<p>Fotos: Oranna Kr\u00fcger<\/p>\n","protected":false},"excerpt":{"rendered":"<p>Bericht zur Opti-Regatta mit ASC-Beteiligung am Elffacher See.<br \/>\nF\u00fcr mehr Infos klicken Sie bitte auf die \u00dcberschrift.<\/p>\n","protected":false},"author":2,"featured_media":0,"comment_status":"closed","ping_status":"closed","sticky":false,"template":"","format":"standard","meta":{"ngg_post_thumbnail":0,"footnotes":"","_links_to":"","_links_to_target":""},"categories":[5,3],"tags":[],"class_list":["post-7778","post","type-post","status-publish","format-standard","hentry","category-jugend","category-news"],"_links":{"self":[{"href":"https:\/\/www.aggertalersegelclub.de\/index.php?rest_route=\/wp\/v2\/posts\/7778","targetHints":{"allow":["GET"]}}],"collection":[{"href":"https:\/\/www.aggertalersegelclub.de\/index.php?rest_route=\/wp\/v2\/posts"}],"about":[{"href":"https:\/\/www.aggertalersegelclub.de\/index.php?rest_route=\/wp\/v2\/types\/post"}],"author":[{"embeddable":true,"href":"https:\/\/www.aggertalersegelclub.de\/index.php?rest_route=\/wp\/v2\/users\/2"}],"replies":[{"embeddable":true,"href":"https:\/\/www.aggertalersegelclub.de\/index.php?rest_route=%2Fwp%2Fv2%2Fcomments&post=7778"}],"version-history":[{"count":1,"href":"https:\/\/www.aggertalersegelclub.de\/index.php?rest_route=\/wp\/v2\/posts\/7778\/revisions"}],"predecessor-version":[{"id":7781,"href":"https:\/\/www.aggertalersegelclub.de\/index.php?rest_route=\/wp\/v2\/posts\/7778\/revisions\/7781"}],"wp:attachment":[{"href":"https:\/\/www.aggertalersegelclub.de\/index.php?rest_route=%2Fwp%2Fv2%2Fmedia&parent=7778"}],"wp:term":[{"taxonomy":"category","embeddable":true,"href":"https:\/\/www.aggertalersegelclub.de\/index.php?rest_route=%2Fwp%2Fv2%2Fcategories&post=7778"},{"taxonomy":"post_tag","embeddable":true,"href":"https:\/\/www.aggertalersegelclub.de\/index.php?rest_route=%2Fwp%2Fv2%2Ftags&post=7778"}],"curies":[{"name":"wp","href":"https:\/\/api.w.org\/{rel}","templated":true}]}}