{"id":7677,"date":"2024-11-11T18:09:40","date_gmt":"2024-11-11T16:09:40","guid":{"rendered":"https:\/\/www.aggertalersegelclub.de\/?p=7677"},"modified":"2024-11-11T18:09:40","modified_gmt":"2024-11-11T16:09:40","slug":"last-minute-sail-2024","status":"publish","type":"post","link":"https:\/\/www.aggertalersegelclub.de\/?p=7677","title":{"rendered":"Last-Minute-Sail 2024"},"content":{"rendered":"\n<p>Am letzten Wochenende ging nochmal richtig was!&nbsp;<\/p>\n\n\n\n<p>Dem, allerdings sehr kurzfristigen Aufruf &#8211;<em>war eine tolle spontane Idee von Martin<\/em>&#8211; zum ersten Last-Minute-Sail 2024 (kurz LMS) auf der Bigge, f\u00fchlten sich die Sonne, ein gem\u00fctlicher Wind und uners\u00e4ttliche Segler angesprochen.&nbsp;<\/p>\n\n\n\n<figure class=\"wp-block-image size-full\"><a href=\"https:\/\/www.aggertalersegelclub.de\/wordpress\/wp-content\/uploads\/2024\/11\/EDDA-mit-Crew-und-Skipper.heic\"><img decoding=\"async\" src=\"https:\/\/www.aggertalersegelclub.de\/wordpress\/wp-content\/uploads\/2024\/11\/EDDA-mit-Crew-und-Skipper.heic\" alt=\"\" class=\"wp-image-7679\"\/><\/a><\/figure>\n\n\n\n<p>Der WSVB war mit dem Schulboot BEL und der Shark PUR und der ASC mit der sch\u00f6nen Stor Megin EDDA zu einem wunderbaren Segeltag mit bester Stimmung an Bord, aufgebrochen. Es sollte zwar nicht die Welt gerundet, sondern nur einer der letzten herrlichen Tage auf dem Wasser genossen werden. Vor dem Start wurde sommerliches Eis geschleckt und dann ging es ab in die Boote. Ach ja, wir haben auch die T-Shirts wieder raus gekramt, sensationell.<\/p>\n\n\n\n<figure class=\"wp-block-image size-large\"><a href=\"https:\/\/www.aggertalersegelclub.de\/wordpress\/wp-content\/uploads\/2024\/11\/02_gemuetliche-Runde-scaled.jpg\"><img loading=\"lazy\" decoding=\"async\" width=\"1024\" height=\"680\" src=\"https:\/\/www.aggertalersegelclub.de\/wordpress\/wp-content\/uploads\/2024\/11\/02_gemuetliche-Runde-1024x680.jpg\" alt=\"\" class=\"wp-image-7682\" srcset=\"https:\/\/www.aggertalersegelclub.de\/wordpress\/wp-content\/uploads\/2024\/11\/02_gemuetliche-Runde-1024x680.jpg 1024w, https:\/\/www.aggertalersegelclub.de\/wordpress\/wp-content\/uploads\/2024\/11\/02_gemuetliche-Runde-300x199.jpg 300w, https:\/\/www.aggertalersegelclub.de\/wordpress\/wp-content\/uploads\/2024\/11\/02_gemuetliche-Runde-768x510.jpg 768w, https:\/\/www.aggertalersegelclub.de\/wordpress\/wp-content\/uploads\/2024\/11\/02_gemuetliche-Runde-1536x1020.jpg 1536w, https:\/\/www.aggertalersegelclub.de\/wordpress\/wp-content\/uploads\/2024\/11\/02_gemuetliche-Runde-2048x1360.jpg 2048w\" sizes=\"auto, (max-width: 1024px) 100vw, 1024px\" \/><\/a><\/figure>\n\n\n\n<p>Eigentlich waren Jugendliche im Alter zwischen 8 und 16 Jahren gemeint; es mischten sich aber auch andere, jugendlich Wirkende unter die Gruppe. Weibliche Gestalten, zierlich und feenhaft aber auch ein eher b\u00e4rtiger Mensch, zun\u00e4chst als Fr\u00fchentwickler identifiziert. Sp\u00e4ter stellte sich jedoch heraus, das dieser, Vater eines segelaffinen J\u00fcnglings ist und sich begeistert untergemischt hatte. Man kann es ja mal versuchen, macht aber nichts. Waren doch alle Beteiligten fr\u00f6hlich und engagiert bei der Sache und darauf kam es an.<\/p>\n\n\n\n<figure class=\"wp-block-image size-large\"><a href=\"https:\/\/www.aggertalersegelclub.de\/wordpress\/wp-content\/uploads\/2024\/11\/05_LMS2024-BEL-2.jpg\"><img loading=\"lazy\" decoding=\"async\" width=\"768\" height=\"1024\" src=\"https:\/\/www.aggertalersegelclub.de\/wordpress\/wp-content\/uploads\/2024\/11\/05_LMS2024-BEL-2-768x1024.jpg\" alt=\"\" class=\"wp-image-7683\" srcset=\"https:\/\/www.aggertalersegelclub.de\/wordpress\/wp-content\/uploads\/2024\/11\/05_LMS2024-BEL-2-768x1024.jpg 768w, https:\/\/www.aggertalersegelclub.de\/wordpress\/wp-content\/uploads\/2024\/11\/05_LMS2024-BEL-2-225x300.jpg 225w, https:\/\/www.aggertalersegelclub.de\/wordpress\/wp-content\/uploads\/2024\/11\/05_LMS2024-BEL-2-1152x1536.jpg 1152w, https:\/\/www.aggertalersegelclub.de\/wordpress\/wp-content\/uploads\/2024\/11\/05_LMS2024-BEL-2.jpg 1200w\" sizes=\"auto, (max-width: 768px) 100vw, 768px\" \/><\/a><\/figure>\n\n\n\n<p>So hatte auch der junge Recke, namens Mika, zwischenzeitlich das Ruder von Edda ergriffen und Kurs genommen in der Annahme, das Boot macht, was er will. Hat es aber nicht, das Luder. Da waren eben Ger\u00e4usche vom Land her (Motorr\u00e4der), V\u00f6gel am Himmel oder auch der Anton vom Nachbarschiff Bel, zwischenzeitlich interessanter, \u201ehuhu Anton, wink wink,\u201c was einige Male zu, oha, unfreiwilligen Kurswechseln f\u00fchrte. Zum Gl\u00fcck gab es freies Wasser, also alles im gr\u00fcnen Bereich. Und so musste der Skipper ab und zu sanft um die Einhaltung des gew\u00e4hlten Kurses und die erforderlich Aufmerksamkeit bitten, nicht zuletzt darum, die Westfalen und auch die Bel auf gesunden Abstand zu halten.<\/p>\n\n\n\n<figure class=\"wp-block-image size-large\"><a href=\"https:\/\/www.aggertalersegelclub.de\/wordpress\/wp-content\/uploads\/2024\/11\/Wind-ist-achteraus-scaled.jpg\"><img loading=\"lazy\" decoding=\"async\" width=\"1024\" height=\"682\" src=\"https:\/\/www.aggertalersegelclub.de\/wordpress\/wp-content\/uploads\/2024\/11\/Wind-ist-achteraus-1024x682.jpg\" alt=\"\" class=\"wp-image-7685\" srcset=\"https:\/\/www.aggertalersegelclub.de\/wordpress\/wp-content\/uploads\/2024\/11\/Wind-ist-achteraus-1024x682.jpg 1024w, https:\/\/www.aggertalersegelclub.de\/wordpress\/wp-content\/uploads\/2024\/11\/Wind-ist-achteraus-300x200.jpg 300w, https:\/\/www.aggertalersegelclub.de\/wordpress\/wp-content\/uploads\/2024\/11\/Wind-ist-achteraus-768x511.jpg 768w, https:\/\/www.aggertalersegelclub.de\/wordpress\/wp-content\/uploads\/2024\/11\/Wind-ist-achteraus-1536x1022.jpg 1536w, https:\/\/www.aggertalersegelclub.de\/wordpress\/wp-content\/uploads\/2024\/11\/Wind-ist-achteraus-2048x1363.jpg 2048w\" sizes=\"auto, (max-width: 1024px) 100vw, 1024px\" \/><\/a><\/figure>\n\n\n\n<p>Der Wind war \u00fcber l\u00e4ngere Zeit schwach und frischte nur zum Schluss etwas auf.&nbsp;&nbsp;EDDA verholte sich nach einiger Zeit wieder in den Hafen. Auf der Bel wollte man noch unbedingt Spi-segeln, was dann zun\u00e4chst auch von Erfolg gekr\u00f6nt war. Zum Schluss ging jedoch der Wind aus. Gut, dass zuvor die Shark mit einer durchaus segel-w\u00fctigen Crew ausgelaufen war, den ersten Ausl\u00e4ufern des nahen Saisonendes trotzend um dann, selber hilfsmotorisiert, die Bel auf den Weg zum Hafen auf den \u201eHaken\u201c zu nehmen.<\/p>\n\n\n\n<figure class=\"wp-block-image size-large\"><a href=\"https:\/\/www.aggertalersegelclub.de\/wordpress\/wp-content\/uploads\/2024\/11\/09_zufriedene-BEL-Mannschaft-scaled.jpg\"><img loading=\"lazy\" decoding=\"async\" width=\"682\" height=\"1024\" src=\"https:\/\/www.aggertalersegelclub.de\/wordpress\/wp-content\/uploads\/2024\/11\/09_zufriedene-BEL-Mannschaft-682x1024.jpg\" alt=\"\" class=\"wp-image-7681\" srcset=\"https:\/\/www.aggertalersegelclub.de\/wordpress\/wp-content\/uploads\/2024\/11\/09_zufriedene-BEL-Mannschaft-682x1024.jpg 682w, https:\/\/www.aggertalersegelclub.de\/wordpress\/wp-content\/uploads\/2024\/11\/09_zufriedene-BEL-Mannschaft-200x300.jpg 200w, https:\/\/www.aggertalersegelclub.de\/wordpress\/wp-content\/uploads\/2024\/11\/09_zufriedene-BEL-Mannschaft-768x1154.jpg 768w, https:\/\/www.aggertalersegelclub.de\/wordpress\/wp-content\/uploads\/2024\/11\/09_zufriedene-BEL-Mannschaft-1022x1536.jpg 1022w, https:\/\/www.aggertalersegelclub.de\/wordpress\/wp-content\/uploads\/2024\/11\/09_zufriedene-BEL-Mannschaft-1363x2048.jpg 1363w, https:\/\/www.aggertalersegelclub.de\/wordpress\/wp-content\/uploads\/2024\/11\/09_zufriedene-BEL-Mannschaft-scaled.jpg 1704w\" sizes=\"auto, (max-width: 682px) 100vw, 682px\" \/><\/a><\/figure>\n\n\n\n<p>Was bleibt, sind die Bilder im Kopf und die Aussicht auf Fortf\u00fchrung im n\u00e4chsten Jahr, die nicht nur von allen Beteiligten gew\u00fcnscht, sondern auch von jenen, die sich gemeldet hatten aber leider nicht dabei sein konnten.&nbsp;<\/p>\n\n\n\n<figure class=\"wp-block-image size-large\"><a href=\"https:\/\/www.aggertalersegelclub.de\/wordpress\/wp-content\/uploads\/2024\/11\/08_LMS2024-Titelbild-scaled.jpg\"><img loading=\"lazy\" decoding=\"async\" width=\"1024\" height=\"768\" src=\"https:\/\/www.aggertalersegelclub.de\/wordpress\/wp-content\/uploads\/2024\/11\/08_LMS2024-Titelbild-1024x768.jpg\" alt=\"\" class=\"wp-image-7680\" srcset=\"https:\/\/www.aggertalersegelclub.de\/wordpress\/wp-content\/uploads\/2024\/11\/08_LMS2024-Titelbild-1024x768.jpg 1024w, https:\/\/www.aggertalersegelclub.de\/wordpress\/wp-content\/uploads\/2024\/11\/08_LMS2024-Titelbild-300x225.jpg 300w, https:\/\/www.aggertalersegelclub.de\/wordpress\/wp-content\/uploads\/2024\/11\/08_LMS2024-Titelbild-768x576.jpg 768w, https:\/\/www.aggertalersegelclub.de\/wordpress\/wp-content\/uploads\/2024\/11\/08_LMS2024-Titelbild-1536x1152.jpg 1536w, https:\/\/www.aggertalersegelclub.de\/wordpress\/wp-content\/uploads\/2024\/11\/08_LMS2024-Titelbild-2048x1536.jpg 2048w\" sizes=\"auto, (max-width: 1024px) 100vw, 1024px\" \/><\/a><\/figure>\n\n\n\n<p>Text: HaJo Suchanek, Martin Streffing&nbsp;<\/p>\n\n\n\n<p>Fotos: Martin Streffing, Andrea Suchanek<\/p>\n","protected":false},"excerpt":{"rendered":"<p>Bericht \u00fcber den &#8222;Last-Minute-Sail&#8220;.<br \/>\nF\u00fcr mehr Infos klicken Sie bitte auf die \u00dcberschrift.<\/p>\n","protected":false},"author":2,"featured_media":0,"comment_status":"closed","ping_status":"closed","sticky":false,"template":"","format":"standard","meta":{"ngg_post_thumbnail":0,"footnotes":"","_links_to":"","_links_to_target":""},"categories":[3],"tags":[],"class_list":["post-7677","post","type-post","status-publish","format-standard","hentry","category-news"],"_links":{"self":[{"href":"https:\/\/www.aggertalersegelclub.de\/index.php?rest_route=\/wp\/v2\/posts\/7677","targetHints":{"allow":["GET"]}}],"collection":[{"href":"https:\/\/www.aggertalersegelclub.de\/index.php?rest_route=\/wp\/v2\/posts"}],"about":[{"href":"https:\/\/www.aggertalersegelclub.de\/index.php?rest_route=\/wp\/v2\/types\/post"}],"author":[{"embeddable":true,"href":"https:\/\/www.aggertalersegelclub.de\/index.php?rest_route=\/wp\/v2\/users\/2"}],"replies":[{"embeddable":true,"href":"https:\/\/www.aggertalersegelclub.de\/index.php?rest_route=%2Fwp%2Fv2%2Fcomments&post=7677"}],"version-history":[{"count":2,"href":"https:\/\/www.aggertalersegelclub.de\/index.php?rest_route=\/wp\/v2\/posts\/7677\/revisions"}],"predecessor-version":[{"id":7686,"href":"https:\/\/www.aggertalersegelclub.de\/index.php?rest_route=\/wp\/v2\/posts\/7677\/revisions\/7686"}],"wp:attachment":[{"href":"https:\/\/www.aggertalersegelclub.de\/index.php?rest_route=%2Fwp%2Fv2%2Fmedia&parent=7677"}],"wp:term":[{"taxonomy":"category","embeddable":true,"href":"https:\/\/www.aggertalersegelclub.de\/index.php?rest_route=%2Fwp%2Fv2%2Fcategories&post=7677"},{"taxonomy":"post_tag","embeddable":true,"href":"https:\/\/www.aggertalersegelclub.de\/index.php?rest_route=%2Fwp%2Fv2%2Ftags&post=7677"}],"curies":[{"name":"wp","href":"https:\/\/api.w.org\/{rel}","templated":true}]}}