{"id":7585,"date":"2024-08-04T19:07:42","date_gmt":"2024-08-04T17:07:42","guid":{"rendered":"https:\/\/www.aggertalersegelclub.de\/?p=7585"},"modified":"2024-08-04T19:11:37","modified_gmt":"2024-08-04T17:11:37","slug":"segelfreizeit-der-asc-jugend-in-friesland","status":"publish","type":"post","link":"https:\/\/www.aggertalersegelclub.de\/?p=7585","title":{"rendered":"Segelfreizeit der ASC-Jugend in Friesland"},"content":{"rendered":"\n<p>Nach mehrj\u00e4hriger Pause bot die Jugendabteilung des ASC in 2024 nochmals ein Trainingswochenende f\u00fcr fortgeschrittene Jugendsegler an. Vom 30. Mai bis zum 2. Juni war es soweit: Nachdem am Trainingswochenende zuvor die unterschiedlichen Trailer mit Optis und 420ern beladen wurden, reisten am Vorabend des 30. Mai Kinder, Jugendliche, Trainer und Eltern nach Koudum\/NL an. Erg\u00e4nzt wurde die Flotte durch zwei stark motorisierte Begleitboote (u.a. des SV NRW), die der sicheren Begleitung unseres Nachwuchses dienten. Eine Motorschaluppe wurde vor Ort angemietet, um Eltern und Proviant auf den teils auch l\u00e4ngeren Segelschl\u00e4gen zu transportieren.<\/p>\n\n\n\n<figure class=\"wp-block-image size-large\"><a href=\"https:\/\/www.aggertalersegelclub.de\/wordpress\/wp-content\/uploads\/2024\/08\/Bild1-klein-scaled.jpg\"><img loading=\"lazy\" decoding=\"async\" width=\"1024\" height=\"768\" src=\"https:\/\/www.aggertalersegelclub.de\/wordpress\/wp-content\/uploads\/2024\/08\/Bild1-klein-1024x768.jpg\" alt=\"\" class=\"wp-image-7586\" srcset=\"https:\/\/www.aggertalersegelclub.de\/wordpress\/wp-content\/uploads\/2024\/08\/Bild1-klein-1024x768.jpg 1024w, https:\/\/www.aggertalersegelclub.de\/wordpress\/wp-content\/uploads\/2024\/08\/Bild1-klein-300x225.jpg 300w, https:\/\/www.aggertalersegelclub.de\/wordpress\/wp-content\/uploads\/2024\/08\/Bild1-klein-768x576.jpg 768w, https:\/\/www.aggertalersegelclub.de\/wordpress\/wp-content\/uploads\/2024\/08\/Bild1-klein-1536x1152.jpg 1536w, https:\/\/www.aggertalersegelclub.de\/wordpress\/wp-content\/uploads\/2024\/08\/Bild1-klein-2048x1536.jpg 2048w\" sizes=\"auto, (max-width: 1024px) 100vw, 1024px\" \/><\/a><\/figure>\n\n\n\n<p>Der Ferienpark \u201ede Kuilart\u201c war f\u00fcr die Gruppe perfekt geeignet, da die angemieteten Bungalows unmittelbar am Wasser standen und somit insbesondere die Optis am Ufer gelagert und zum Segeln an Ort und Stelle aufgeriggt werden konnten. Die ersten Trainingsschl\u00e4ge erfolgten am Fronleichnams-Donnerstag, der in den Niederlanden kein Feiertag ist. <\/p>\n\n\n\n<figure class=\"wp-block-image size-large\"><a href=\"https:\/\/www.aggertalersegelclub.de\/wordpress\/wp-content\/uploads\/2024\/08\/Bild2-klein-scaled.jpg\"><img loading=\"lazy\" decoding=\"async\" width=\"1024\" height=\"768\" src=\"https:\/\/www.aggertalersegelclub.de\/wordpress\/wp-content\/uploads\/2024\/08\/Bild2-klein-1024x768.jpg\" alt=\"\" class=\"wp-image-7587\" srcset=\"https:\/\/www.aggertalersegelclub.de\/wordpress\/wp-content\/uploads\/2024\/08\/Bild2-klein-1024x768.jpg 1024w, https:\/\/www.aggertalersegelclub.de\/wordpress\/wp-content\/uploads\/2024\/08\/Bild2-klein-300x225.jpg 300w, https:\/\/www.aggertalersegelclub.de\/wordpress\/wp-content\/uploads\/2024\/08\/Bild2-klein-768x576.jpg 768w, https:\/\/www.aggertalersegelclub.de\/wordpress\/wp-content\/uploads\/2024\/08\/Bild2-klein-1536x1152.jpg 1536w, https:\/\/www.aggertalersegelclub.de\/wordpress\/wp-content\/uploads\/2024\/08\/Bild2-klein-2048x1536.jpg 2048w\" sizes=\"auto, (max-width: 1024px) 100vw, 1024px\" \/><\/a><\/figure>\n\n\n\n<p>Daher war der Schiffsverkehr auf den Wasserstra\u00dfen (Johan Frisokanaal) geringer und die Windvorhersage war zudem noch gut. Optis und 420er konnten sowohl im erweiterten Hafenbecken als auch im angrenzenden Gew\u00e4sser \u201ede Holken\u201c ihre ersten Schl\u00e4ge in friesischen Gew\u00e4ssern segeln. Zunehmend l\u00e4ngere Schl\u00e4ge an den Folgetagen forderten den einen oder anderen Segler schon konditionell heraus (Bild 5). Der H\u00f6hepunkt war allerdings der Samstag, an dem eine Langfahrt in Richtung Heeger Meer geplant war (De Fluzen). <\/p>\n\n\n\n<figure class=\"wp-block-image size-large\"><a href=\"https:\/\/www.aggertalersegelclub.de\/wordpress\/wp-content\/uploads\/2024\/08\/Bild3.jpg\"><img loading=\"lazy\" decoding=\"async\" width=\"1024\" height=\"768\" src=\"https:\/\/www.aggertalersegelclub.de\/wordpress\/wp-content\/uploads\/2024\/08\/Bild3-1024x768.jpg\" alt=\"\" class=\"wp-image-7589\" srcset=\"https:\/\/www.aggertalersegelclub.de\/wordpress\/wp-content\/uploads\/2024\/08\/Bild3-1024x768.jpg 1024w, https:\/\/www.aggertalersegelclub.de\/wordpress\/wp-content\/uploads\/2024\/08\/Bild3-300x225.jpg 300w, https:\/\/www.aggertalersegelclub.de\/wordpress\/wp-content\/uploads\/2024\/08\/Bild3-768x576.jpg 768w, https:\/\/www.aggertalersegelclub.de\/wordpress\/wp-content\/uploads\/2024\/08\/Bild3-1536x1152.jpg 1536w, https:\/\/www.aggertalersegelclub.de\/wordpress\/wp-content\/uploads\/2024\/08\/Bild3.jpg 1600w\" sizes=\"auto, (max-width: 1024px) 100vw, 1024px\" \/><\/a><\/figure>\n\n\n\n<p>Bei zunehmenden Winden aus NW war eine Kreuz angesagt, die &#8211; auch in Anbetracht des Seegangs &#8211; gerade die Optis forderten, auf denen die eine oder andere Welle einstieg. Nach Rast auf der \u201eHaseninsel\u201c (Nieuwe Kruispolle), bei der die Jungskipper ihren Energiehaushalt wieder auff\u00fcllen konnten, ging es bei beginnendem Starkwind raumschots in Gleitfahrt zur\u00fcck Richtung Koudum.<\/p>\n\n\n\n<figure class=\"wp-block-image size-large\"><a href=\"https:\/\/www.aggertalersegelclub.de\/wordpress\/wp-content\/uploads\/2024\/08\/Bild4-klein-scaled.jpg\"><img loading=\"lazy\" decoding=\"async\" width=\"1024\" height=\"768\" src=\"https:\/\/www.aggertalersegelclub.de\/wordpress\/wp-content\/uploads\/2024\/08\/Bild4-klein-1024x768.jpg\" alt=\"\" class=\"wp-image-7588\" srcset=\"https:\/\/www.aggertalersegelclub.de\/wordpress\/wp-content\/uploads\/2024\/08\/Bild4-klein-1024x768.jpg 1024w, https:\/\/www.aggertalersegelclub.de\/wordpress\/wp-content\/uploads\/2024\/08\/Bild4-klein-300x225.jpg 300w, https:\/\/www.aggertalersegelclub.de\/wordpress\/wp-content\/uploads\/2024\/08\/Bild4-klein-768x576.jpg 768w, https:\/\/www.aggertalersegelclub.de\/wordpress\/wp-content\/uploads\/2024\/08\/Bild4-klein-1536x1152.jpg 1536w, https:\/\/www.aggertalersegelclub.de\/wordpress\/wp-content\/uploads\/2024\/08\/Bild4-klein-2048x1536.jpg 2048w\" sizes=\"auto, (max-width: 1024px) 100vw, 1024px\" \/><\/a><\/figure>\n\n\n\n<p>Viel zu schnell gingen aufregende Tage zu Ende, Boote mussten ausgewassert und Trailer und Autos bepackt werden. Die einzelnen R\u00fcckfahrten am Sonntag und teilweise Montag erfolgten (von den obligatorischen Staus abgesehen) ohne Probleme und \u201eMensch und Material\u201c kehrten wohlbehalten in ihre jeweiligen \u201eH\u00e4fen\u201c zur\u00fcck. Ein herzliches Dankesch\u00f6n geht an die Pantrycrew, die stets daf\u00fcr sorgte, dass kleine und gro\u00dfe Leckereien auf dem Tisch standen, wenn m\u00fcde Segler\/innen eintrafen.<\/p>\n\n\n\n<figure class=\"wp-block-image size-large\"><a href=\"https:\/\/www.aggertalersegelclub.de\/wordpress\/wp-content\/uploads\/2024\/08\/Bild5-klein-scaled.jpg\"><img loading=\"lazy\" decoding=\"async\" width=\"768\" height=\"1024\" src=\"https:\/\/www.aggertalersegelclub.de\/wordpress\/wp-content\/uploads\/2024\/08\/Bild5-klein-768x1024.jpg\" alt=\"\" class=\"wp-image-7593\" srcset=\"https:\/\/www.aggertalersegelclub.de\/wordpress\/wp-content\/uploads\/2024\/08\/Bild5-klein-768x1024.jpg 768w, https:\/\/www.aggertalersegelclub.de\/wordpress\/wp-content\/uploads\/2024\/08\/Bild5-klein-225x300.jpg 225w, https:\/\/www.aggertalersegelclub.de\/wordpress\/wp-content\/uploads\/2024\/08\/Bild5-klein-1152x1536.jpg 1152w, https:\/\/www.aggertalersegelclub.de\/wordpress\/wp-content\/uploads\/2024\/08\/Bild5-klein-1536x2048.jpg 1536w, https:\/\/www.aggertalersegelclub.de\/wordpress\/wp-content\/uploads\/2024\/08\/Bild5-klein-scaled.jpg 1920w\" sizes=\"auto, (max-width: 768px) 100vw, 768px\" \/><\/a><\/figure>\n","protected":false},"excerpt":{"rendered":"<p>Bericht \u00fcber die ASC-Segelfreizeit in Friesland. F\u00fcr mehr Infos klicken Sie bitte auf die \u00dcberschrift.<\/p>\n","protected":false},"author":2,"featured_media":0,"comment_status":"closed","ping_status":"closed","sticky":false,"template":"","format":"standard","meta":{"ngg_post_thumbnail":0,"footnotes":"","_links_to":"","_links_to_target":""},"categories":[5],"tags":[],"class_list":["post-7585","post","type-post","status-publish","format-standard","hentry","category-jugend"],"_links":{"self":[{"href":"https:\/\/www.aggertalersegelclub.de\/index.php?rest_route=\/wp\/v2\/posts\/7585","targetHints":{"allow":["GET"]}}],"collection":[{"href":"https:\/\/www.aggertalersegelclub.de\/index.php?rest_route=\/wp\/v2\/posts"}],"about":[{"href":"https:\/\/www.aggertalersegelclub.de\/index.php?rest_route=\/wp\/v2\/types\/post"}],"author":[{"embeddable":true,"href":"https:\/\/www.aggertalersegelclub.de\/index.php?rest_route=\/wp\/v2\/users\/2"}],"replies":[{"embeddable":true,"href":"https:\/\/www.aggertalersegelclub.de\/index.php?rest_route=%2Fwp%2Fv2%2Fcomments&post=7585"}],"version-history":[{"count":4,"href":"https:\/\/www.aggertalersegelclub.de\/index.php?rest_route=\/wp\/v2\/posts\/7585\/revisions"}],"predecessor-version":[{"id":7594,"href":"https:\/\/www.aggertalersegelclub.de\/index.php?rest_route=\/wp\/v2\/posts\/7585\/revisions\/7594"}],"wp:attachment":[{"href":"https:\/\/www.aggertalersegelclub.de\/index.php?rest_route=%2Fwp%2Fv2%2Fmedia&parent=7585"}],"wp:term":[{"taxonomy":"category","embeddable":true,"href":"https:\/\/www.aggertalersegelclub.de\/index.php?rest_route=%2Fwp%2Fv2%2Fcategories&post=7585"},{"taxonomy":"post_tag","embeddable":true,"href":"https:\/\/www.aggertalersegelclub.de\/index.php?rest_route=%2Fwp%2Fv2%2Ftags&post=7585"}],"curies":[{"name":"wp","href":"https:\/\/api.w.org\/{rel}","templated":true}]}}