{"id":7547,"date":"2024-02-25T10:38:08","date_gmt":"2024-02-25T08:38:08","guid":{"rendered":"https:\/\/www.aggertalersegelclub.de\/?p=7547"},"modified":"2024-02-25T10:38:08","modified_gmt":"2024-02-25T08:38:08","slug":"jugendversammlung-2024-mit-rekordbeteiligung","status":"publish","type":"post","link":"https:\/\/www.aggertalersegelclub.de\/?p=7547","title":{"rendered":"Jugendversammlung 2024 mit Rekordbeteiligung!"},"content":{"rendered":"\n<p>Am 18. Februar 2024 fand die j\u00e4hrliche Jugendversammlung des ASC im Jugendraum des Clubhauses statt, an der rekordverd\u00e4chtige 27 Teilnehmer (15 Jugendliche, 12 Eltern und Jugendwarte) teilnahmen. Michael und Stefan begr\u00fc\u00dften Kinder, Jugendliche, Eltern sowie G\u00e4ste und berichteten \u00fcber die abgelaufene Saison 2023. Der Wanderpokal der Jugendmeisterschaft ging f\u00fcr das Jahr 2023 an die 420er-Crew Bjarne und Emily, die nicht nur aktiv bei vielen Trainings dabei waren, sondern auch erfolgreiche Regatten abschlie\u00dfen konnten. Die Planungen der neuen Saison wurden gemeinsam besprochen und die Anforderungen und Bedarfe der Jugend, der Eltern und der Jugendwarte abgestimmt. Alle Kinder und Jugendlichen k\u00f6nnen auf die vorhandenen Club-Boote verteilt werden, so dass in 2024 jeder junge Segler Verantwortung f\u00fcr \u201eseine\u201c Jolle \u00fcbernehmen kann.<\/p>\n\n\n\n<figure class=\"wp-block-image size-large\"><a href=\"https:\/\/www.aggertalersegelclub.de\/wordpress\/wp-content\/uploads\/2024\/02\/Jugendversammlung2024-4-scaled.jpeg\"><img loading=\"lazy\" decoding=\"async\" width=\"1024\" height=\"768\" src=\"https:\/\/www.aggertalersegelclub.de\/wordpress\/wp-content\/uploads\/2024\/02\/Jugendversammlung2024-4-1024x768.jpeg\" alt=\"\" class=\"wp-image-7549\" srcset=\"https:\/\/www.aggertalersegelclub.de\/wordpress\/wp-content\/uploads\/2024\/02\/Jugendversammlung2024-4-1024x768.jpeg 1024w, https:\/\/www.aggertalersegelclub.de\/wordpress\/wp-content\/uploads\/2024\/02\/Jugendversammlung2024-4-300x225.jpeg 300w, https:\/\/www.aggertalersegelclub.de\/wordpress\/wp-content\/uploads\/2024\/02\/Jugendversammlung2024-4-768x576.jpeg 768w, https:\/\/www.aggertalersegelclub.de\/wordpress\/wp-content\/uploads\/2024\/02\/Jugendversammlung2024-4-1536x1152.jpeg 1536w, https:\/\/www.aggertalersegelclub.de\/wordpress\/wp-content\/uploads\/2024\/02\/Jugendversammlung2024-4-2048x1536.jpeg 2048w\" sizes=\"auto, (max-width: 1024px) 100vw, 1024px\" \/><\/a><\/figure>\n\n\n\n<p>Das Highlight der diesj\u00e4hrigen Jugendversammlung kam allerdings erst nach offiziellem Ende der Versammlung zum Tragen: Stefan schickte die Jugend (mit elterlicher Unterst\u00fctzung) auf einen anspruchsvollen Segelt\u00f6rn, bei dem nach einer schwierigen Hafenausfahrt das Flaggenalphabet und Schallsignale zu identifizieren waren und sogar eine Leuchtturmpeilung vorgenommen werden musste! Bedingt durch die Jahreszeit erfolgte der T\u00f6rn zwar auf befestigten Wegen, aber zumindest das regenreiche Wetter bem\u00fchte sich um ein echtes \u201eT\u00f6rn-Feeling\u201c. Da sich die Optis noch im Winterlager befanden, erfolgte die Ausfahrt mit k\u00fcnstlerisch gestalteten \u201eCrew-Optis\u201c (man beachte die t\u00e4uschend echte Darstellung von Baum und Ruderanlage).<\/p>\n\n\n\n<figure class=\"wp-block-image size-full\"><a href=\"https:\/\/www.aggertalersegelclub.de\/wordpress\/wp-content\/uploads\/2024\/02\/Jugendversammlung2024-3.jpeg\"><img loading=\"lazy\" decoding=\"async\" width=\"1024\" height=\"1024\" src=\"https:\/\/www.aggertalersegelclub.de\/wordpress\/wp-content\/uploads\/2024\/02\/Jugendversammlung2024-3.jpeg\" alt=\"\" class=\"wp-image-7550\" srcset=\"https:\/\/www.aggertalersegelclub.de\/wordpress\/wp-content\/uploads\/2024\/02\/Jugendversammlung2024-3.jpeg 1024w, https:\/\/www.aggertalersegelclub.de\/wordpress\/wp-content\/uploads\/2024\/02\/Jugendversammlung2024-3-300x300.jpeg 300w, https:\/\/www.aggertalersegelclub.de\/wordpress\/wp-content\/uploads\/2024\/02\/Jugendversammlung2024-3-150x150.jpeg 150w, https:\/\/www.aggertalersegelclub.de\/wordpress\/wp-content\/uploads\/2024\/02\/Jugendversammlung2024-3-768x768.jpeg 768w\" sizes=\"auto, (max-width: 1024px) 100vw, 1024px\" \/><\/a><\/figure>\n\n\n\n<p>Nach gl\u00fccklicher Heimkehr wurden die hungrigen Segler noch im Clubhaus ges\u00e4ttigt bevor der \u201eTagest\u00f6rn\u201c dann wirklich abgeschlossen wurde. Vielen Dank f\u00fcr viele helfende H\u00e4nde in Vorbereitung und Durchf\u00fchrung der Veranstaltung!<\/p>\n","protected":false},"excerpt":{"rendered":"<p>Bericht \u00fcber die Jugendversammlung.<br \/>\nF\u00fcr mehr Informationen klicken Sie bitte auf die \u00dcberschrift!<\/p>\n","protected":false},"author":2,"featured_media":0,"comment_status":"closed","ping_status":"closed","sticky":false,"template":"","format":"standard","meta":{"ngg_post_thumbnail":0,"footnotes":"","_links_to":"","_links_to_target":""},"categories":[5],"tags":[],"class_list":["post-7547","post","type-post","status-publish","format-standard","hentry","category-jugend"],"_links":{"self":[{"href":"https:\/\/www.aggertalersegelclub.de\/index.php?rest_route=\/wp\/v2\/posts\/7547","targetHints":{"allow":["GET"]}}],"collection":[{"href":"https:\/\/www.aggertalersegelclub.de\/index.php?rest_route=\/wp\/v2\/posts"}],"about":[{"href":"https:\/\/www.aggertalersegelclub.de\/index.php?rest_route=\/wp\/v2\/types\/post"}],"author":[{"embeddable":true,"href":"https:\/\/www.aggertalersegelclub.de\/index.php?rest_route=\/wp\/v2\/users\/2"}],"replies":[{"embeddable":true,"href":"https:\/\/www.aggertalersegelclub.de\/index.php?rest_route=%2Fwp%2Fv2%2Fcomments&post=7547"}],"version-history":[{"count":3,"href":"https:\/\/www.aggertalersegelclub.de\/index.php?rest_route=\/wp\/v2\/posts\/7547\/revisions"}],"predecessor-version":[{"id":7552,"href":"https:\/\/www.aggertalersegelclub.de\/index.php?rest_route=\/wp\/v2\/posts\/7547\/revisions\/7552"}],"wp:attachment":[{"href":"https:\/\/www.aggertalersegelclub.de\/index.php?rest_route=%2Fwp%2Fv2%2Fmedia&parent=7547"}],"wp:term":[{"taxonomy":"category","embeddable":true,"href":"https:\/\/www.aggertalersegelclub.de\/index.php?rest_route=%2Fwp%2Fv2%2Fcategories&post=7547"},{"taxonomy":"post_tag","embeddable":true,"href":"https:\/\/www.aggertalersegelclub.de\/index.php?rest_route=%2Fwp%2Fv2%2Ftags&post=7547"}],"curies":[{"name":"wp","href":"https:\/\/api.w.org\/{rel}","templated":true}]}}