{"id":7434,"date":"2023-01-31T00:24:46","date_gmt":"2023-01-30T22:24:46","guid":{"rendered":"https:\/\/www.aggertalersegelclub.de\/?p=7434"},"modified":"2023-01-31T00:24:46","modified_gmt":"2023-01-30T22:24:46","slug":"funkkurse-im-fruehjahr-7","status":"publish","type":"post","link":"https:\/\/www.aggertalersegelclub.de\/?p=7434","title":{"rendered":"Funkkurse im Fr\u00fchjahr"},"content":{"rendered":"\n<p>Klaus Naschwitz bietet&nbsp;zur Weiterbildung in der segelfreien Zeit&nbsp;wieder Funkkurse an, die sicherlich vor allem f\u00fcr Fahrtensegler im Verein interessant&nbsp;sind.<\/p>\n\n\n<div class=\"wp-block-image\">\n<figure class=\"aligncenter\"><img loading=\"lazy\" decoding=\"async\" width=\"300\" height=\"124\" src=\"http:\/\/www.aggertalersegelclub.de\/wordpress\/wp-content\/uploads\/2014\/02\/nasa-funk-gr700-300x124.jpg\" alt=\"nasa-funk-gr700\" class=\"wp-image-1873\" srcset=\"https:\/\/www.aggertalersegelclub.de\/wordpress\/wp-content\/uploads\/2014\/02\/nasa-funk-gr700-300x124.jpg 300w, https:\/\/www.aggertalersegelclub.de\/wordpress\/wp-content\/uploads\/2014\/02\/nasa-funk-gr700.jpg 733w\" sizes=\"auto, (max-width: 300px) 100vw, 300px\" \/><\/figure>\n<\/div>\n\n\n<p>F\u00fcr die vorgeschriebenen Zeugnisse SRC\/UBI (See- und Binnenfunk)&nbsp;bietet er im Fr\u00fchjahr wieder die praxisorientierten Lehrg\u00e4nge an.<\/p>\n\n\n\n<p>     <br \/>Kompaktkurs \u00a0\u00a0\u00a0\u00a0                  \u00a0  Start \u00a0 \u00a0 04.03.2023<br \/>Auffrischungs-\/partnerkurs  Start 26.03.2023<\/p>\n\n\n\n<p><\/p>\n\n\n\n<p>Kleingruppen auf Anfrage.<\/p>\n\n\n\n<p>Weitere Infos auf\u00a0\u00a0<a rel=\"noreferrer noopener\" href=\"http:\/\/www.Sprechfunkzeugnisse.net\" target=\"_blank\">www.Sprechfunkzeugnisse.net<\/a><\/p>\n","protected":false},"excerpt":{"rendered":"<p>Angebot von Funkkursen im Fr\u00fchjahr. F\u00fcr mehr Infos klicken Sie bitte auf die \u00dcberschrift.<\/p>\n","protected":false},"author":2,"featured_media":0,"comment_status":"closed","ping_status":"closed","sticky":false,"template":"","format":"standard","meta":{"ngg_post_thumbnail":0,"footnotes":"","_links_to":"","_links_to_target":""},"categories":[4],"tags":[],"class_list":["post-7434","post","type-post","status-publish","format-standard","hentry","category-termine"],"_links":{"self":[{"href":"https:\/\/www.aggertalersegelclub.de\/index.php?rest_route=\/wp\/v2\/posts\/7434","targetHints":{"allow":["GET"]}}],"collection":[{"href":"https:\/\/www.aggertalersegelclub.de\/index.php?rest_route=\/wp\/v2\/posts"}],"about":[{"href":"https:\/\/www.aggertalersegelclub.de\/index.php?rest_route=\/wp\/v2\/types\/post"}],"author":[{"embeddable":true,"href":"https:\/\/www.aggertalersegelclub.de\/index.php?rest_route=\/wp\/v2\/users\/2"}],"replies":[{"embeddable":true,"href":"https:\/\/www.aggertalersegelclub.de\/index.php?rest_route=%2Fwp%2Fv2%2Fcomments&post=7434"}],"version-history":[{"count":1,"href":"https:\/\/www.aggertalersegelclub.de\/index.php?rest_route=\/wp\/v2\/posts\/7434\/revisions"}],"predecessor-version":[{"id":7435,"href":"https:\/\/www.aggertalersegelclub.de\/index.php?rest_route=\/wp\/v2\/posts\/7434\/revisions\/7435"}],"wp:attachment":[{"href":"https:\/\/www.aggertalersegelclub.de\/index.php?rest_route=%2Fwp%2Fv2%2Fmedia&parent=7434"}],"wp:term":[{"taxonomy":"category","embeddable":true,"href":"https:\/\/www.aggertalersegelclub.de\/index.php?rest_route=%2Fwp%2Fv2%2Fcategories&post=7434"},{"taxonomy":"post_tag","embeddable":true,"href":"https:\/\/www.aggertalersegelclub.de\/index.php?rest_route=%2Fwp%2Fv2%2Ftags&post=7434"}],"curies":[{"name":"wp","href":"https:\/\/api.w.org\/{rel}","templated":true}]}}