{"id":668,"date":"2010-03-21T19:12:08","date_gmt":"2010-03-21T18:12:08","guid":{"rendered":"http:\/\/www.aggertalersegelclub.de\/?p=668"},"modified":"2010-03-21T21:04:14","modified_gmt":"2010-03-21T20:04:14","slug":"neuer-vorstand-gewahlt","status":"publish","type":"post","link":"https:\/\/www.aggertalersegelclub.de\/?p=668","title":{"rendered":"Neuer Vorstand gew\u00e4hlt"},"content":{"rendered":"<p><img loading=\"lazy\" decoding=\"async\" class=\"alignnone size-full wp-image-670\" title=\"jhv2010_k\" src=\"http:\/\/www.aggertalersegelclub.de\/wordpress\/wp-content\/uploads\/2010\/03\/jhv2010_k.jpg\" alt=\"\" width=\"400\" height=\"274\" srcset=\"https:\/\/www.aggertalersegelclub.de\/wordpress\/wp-content\/uploads\/2010\/03\/jhv2010_k.jpg 400w, https:\/\/www.aggertalersegelclub.de\/wordpress\/wp-content\/uploads\/2010\/03\/jhv2010_k-300x205.jpg 300w\" sizes=\"auto, (max-width: 400px) 100vw, 400px\" \/><\/p>\n<p>Am 21. M\u00e4rz 2010 fand die j\u00e4hrliche Mitgliederversammlung statt.<br \/>\nDer ASC pr\u00e4sentierte sich als gesunder Verein mit recht stetigen Mitgliederzahlen.<br \/>\nWirtschaftlich steht der Verein solide und ausgeglichen da.<\/p>\n<p>Die Jugendabteilung berichtete \u00fcber zahlreiche Aktivit\u00e4ten und sportliche Erfolge der Jugendmitglieder in der letzten Saison. Besondere Erw\u00e4hnung fand Nina Lambrecht, die sich auf zahlreichen Regatten bewies und in der kommenden Saison im Deutschlandteam der Bootsklasse Laser 4.7 segelt.<br \/>\nDie Vereinsmitglieder wurden \u00fcber den Stand Bauarbeiten an der Sonderner Talbr\u00fccke informiert, deren Sanierung im Zeitplan liegt.<br \/>\nBei den ausstehenden Wahlen ergaben sich einige neue Besetzungen.\u00a0 So quittierte Michael Frede den langj\u00e4hrigen Dienst als 1. Vorsitzender.<br \/>\nF\u00fcr den Posten des 1. Vorsitzenden wurde Karl-Hermann Lau, bisheriger Gesch\u00e4ftsf\u00fchrer, gew\u00e4hlt.<br \/>\nDas Amt des Gesch\u00e4ftsf\u00fchrers \u00fcbernimmt fortan Peter Lieven, bisher 1. Beisitzer.<br \/>\nMartina D\u00f6rpinghaus wurde in das Amt der 1. Beisitzenden gew\u00e4hlt.<br \/>\nAllen ehrenamtlich T\u00e4tigen wurde gedankt.<\/p>\n<div id=\"attachment_671\" style=\"width: 410px\" class=\"wp-caption alignnone\"><img loading=\"lazy\" decoding=\"async\" aria-describedby=\"caption-attachment-671\" class=\"size-full wp-image-671\" title=\"neuervs2010_k\" src=\"http:\/\/www.aggertalersegelclub.de\/wordpress\/wp-content\/uploads\/2010\/03\/neuervs2010_k.jpg\" alt=\"\" width=\"400\" height=\"295\" srcset=\"https:\/\/www.aggertalersegelclub.de\/wordpress\/wp-content\/uploads\/2010\/03\/neuervs2010_k.jpg 400w, https:\/\/www.aggertalersegelclub.de\/wordpress\/wp-content\/uploads\/2010\/03\/neuervs2010_k-300x221.jpg 300w\" sizes=\"auto, (max-width: 400px) 100vw, 400px\" \/><p id=\"caption-attachment-671\" class=\"wp-caption-text\">Wechselnder ASC-Vorstand<\/p><\/div>\n","protected":false},"excerpt":{"rendered":"<p>Bericht \u00fcber die Jahreshauptversammlung am 21.03.2010.<br \/>\nF\u00fcr mehr Infos klicken Sie bitte auf die \u00dcberschrift.<\/p>\n","protected":false},"author":2,"featured_media":0,"comment_status":"closed","ping_status":"closed","sticky":false,"template":"","format":"standard","meta":{"ngg_post_thumbnail":0,"footnotes":"","_links_to":"","_links_to_target":""},"categories":[3],"tags":[],"class_list":["post-668","post","type-post","status-publish","format-standard","hentry","category-news"],"_links":{"self":[{"href":"https:\/\/www.aggertalersegelclub.de\/index.php?rest_route=\/wp\/v2\/posts\/668","targetHints":{"allow":["GET"]}}],"collection":[{"href":"https:\/\/www.aggertalersegelclub.de\/index.php?rest_route=\/wp\/v2\/posts"}],"about":[{"href":"https:\/\/www.aggertalersegelclub.de\/index.php?rest_route=\/wp\/v2\/types\/post"}],"author":[{"embeddable":true,"href":"https:\/\/www.aggertalersegelclub.de\/index.php?rest_route=\/wp\/v2\/users\/2"}],"replies":[{"embeddable":true,"href":"https:\/\/www.aggertalersegelclub.de\/index.php?rest_route=%2Fwp%2Fv2%2Fcomments&post=668"}],"version-history":[{"count":2,"href":"https:\/\/www.aggertalersegelclub.de\/index.php?rest_route=\/wp\/v2\/posts\/668\/revisions"}],"predecessor-version":[{"id":686,"href":"https:\/\/www.aggertalersegelclub.de\/index.php?rest_route=\/wp\/v2\/posts\/668\/revisions\/686"}],"wp:attachment":[{"href":"https:\/\/www.aggertalersegelclub.de\/index.php?rest_route=%2Fwp%2Fv2%2Fmedia&parent=668"}],"wp:term":[{"taxonomy":"category","embeddable":true,"href":"https:\/\/www.aggertalersegelclub.de\/index.php?rest_route=%2Fwp%2Fv2%2Fcategories&post=668"},{"taxonomy":"post_tag","embeddable":true,"href":"https:\/\/www.aggertalersegelclub.de\/index.php?rest_route=%2Fwp%2Fv2%2Ftags&post=668"}],"curies":[{"name":"wp","href":"https:\/\/api.w.org\/{rel}","templated":true}]}}