{"id":5211,"date":"2022-09-29T22:11:26","date_gmt":"2022-09-29T20:11:26","guid":{"rendered":"https:\/\/www.aggertalersegelclub.de\/?p=5211"},"modified":"2022-09-29T22:11:26","modified_gmt":"2022-09-29T20:11:26","slug":"asc-arbeitsdienste-ab-dem-15-oktober","status":"publish","type":"post","link":"https:\/\/www.aggertalersegelclub.de\/?p=5211","title":{"rendered":"ASC-Arbeitsdienste ab dem 15. Oktober"},"content":{"rendered":"\n<p>Liebe ASCler,<\/p>\n\n\n\n<p>unsere Arbeitsdienstserie m\u00f6chten wir am&nbsp;Samstag,&nbsp;den&nbsp;15.10.2022&nbsp;um&nbsp;09:30 Uhr&nbsp;starten.&nbsp;<\/p>\n\n\n\n<p>Weitere Termine sind der\u00a022.10.\u00a0,\u00a029.10.\u00a0und\u00a031.10.2022.\u00a0Je nach Verlauf der Arbeiten werden weitere Termine nach Bedarf bekannt gegeben. Infos zu den einzelnen Diensten werden rechtzeitig ver\u00f6ffentlicht.<\/p>\n\n\n\n<p>Der Dienst am&nbsp;<strong>15.10.2022<\/strong>&nbsp;beginnt um&nbsp;<strong>09.30 Uhr<\/strong>&nbsp;und endet nach derzeitiger Planung um ca.&nbsp;<strong>14:00 Uhr<\/strong>.<\/p>\n\n\n\n<p>Folgende Arbeiten stehen f\u00fcr diesen Tag auf dem Programm:\u00a0<strong>Stegarbeiten am Nord- und S\u00fcdsteg\u00a0<\/strong>sowie\u00a0<strong>Gartenarbeiten \/ Gel\u00e4ndearbeiten<\/strong><\/p>\n\n\n\n<p><img loading=\"lazy\" decoding=\"async\" title=\"arbeitsdienst_alt\" src=\"http:\/\/www.aggertalersegelclub.de\/wordpress\/wp-content\/uploads\/2010\/02\/arbeitsdienst_alt.jpg\" alt=\"\" width=\"300\" height=\"225\"\/><\/p>\n\n\n\n<p>F\u00fcr die Arbeiten werden ben\u00f6tig: Schwimmweste, Gummistiefel, Arbeitshandschuhe, Besen, Eimer\/Laubs\u00e4cke, Schaufeln, Laubgebl\u00e4se, Astscheren, allg. Gartenger\u00e4te sowie der Witterung entsprechend robuste Kleidung.<\/p>\n\n\n\n<p>Grillgut und ein k\u00fchles Blondes zu St\u00e4rkung nach getaner Arbeit werden zur Verf\u00fcgung gestellt.<\/p>\n\n\n\n<p>Alle Mitglieder und Freunde des ASC sind recht herzlich eingeladen, an der Arbeitsdienstserie 2022 teilzunehmen.&nbsp;<\/p>\n\n\n\n<p>Mit freundlichem Gru\u00df<\/p>\n\n\n\n<p>Der Vorstand<\/p>\n","protected":false},"excerpt":{"rendered":"<p>Einladung zum Arbeitsdiensten im Oktober!<br \/>\nF\u00fcr mehr Infos klicken Sie bitte auf die \u00dcberschrift.<\/p>\n","protected":false},"author":2,"featured_media":0,"comment_status":"closed","ping_status":"closed","sticky":false,"template":"","format":"standard","meta":{"ngg_post_thumbnail":0,"footnotes":"","_links_to":"","_links_to_target":""},"categories":[4],"tags":[],"class_list":["post-5211","post","type-post","status-publish","format-standard","hentry","category-termine"],"_links":{"self":[{"href":"https:\/\/www.aggertalersegelclub.de\/index.php?rest_route=\/wp\/v2\/posts\/5211","targetHints":{"allow":["GET"]}}],"collection":[{"href":"https:\/\/www.aggertalersegelclub.de\/index.php?rest_route=\/wp\/v2\/posts"}],"about":[{"href":"https:\/\/www.aggertalersegelclub.de\/index.php?rest_route=\/wp\/v2\/types\/post"}],"author":[{"embeddable":true,"href":"https:\/\/www.aggertalersegelclub.de\/index.php?rest_route=\/wp\/v2\/users\/2"}],"replies":[{"embeddable":true,"href":"https:\/\/www.aggertalersegelclub.de\/index.php?rest_route=%2Fwp%2Fv2%2Fcomments&post=5211"}],"version-history":[{"count":2,"href":"https:\/\/www.aggertalersegelclub.de\/index.php?rest_route=\/wp\/v2\/posts\/5211\/revisions"}],"predecessor-version":[{"id":5213,"href":"https:\/\/www.aggertalersegelclub.de\/index.php?rest_route=\/wp\/v2\/posts\/5211\/revisions\/5213"}],"wp:attachment":[{"href":"https:\/\/www.aggertalersegelclub.de\/index.php?rest_route=%2Fwp%2Fv2%2Fmedia&parent=5211"}],"wp:term":[{"taxonomy":"category","embeddable":true,"href":"https:\/\/www.aggertalersegelclub.de\/index.php?rest_route=%2Fwp%2Fv2%2Fcategories&post=5211"},{"taxonomy":"post_tag","embeddable":true,"href":"https:\/\/www.aggertalersegelclub.de\/index.php?rest_route=%2Fwp%2Fv2%2Ftags&post=5211"}],"curies":[{"name":"wp","href":"https:\/\/api.w.org\/{rel}","templated":true}]}}