{"id":5140,"date":"2022-03-11T12:58:21","date_gmt":"2022-03-11T10:58:21","guid":{"rendered":"https:\/\/www.aggertalersegelclub.de\/?p=5140"},"modified":"2022-03-11T12:58:21","modified_gmt":"2022-03-11T10:58:21","slug":"asc-arbeitsdienst-am-19-maerz","status":"publish","type":"post","link":"https:\/\/www.aggertalersegelclub.de\/?p=5140","title":{"rendered":"ASC-Arbeitsdienst am 19. M\u00e4rz"},"content":{"rendered":"\n<p>Liebe ASCler,<\/p>\n\n\n\n<p>am&nbsp;Samstag,&nbsp;den&nbsp;19.03.2022&nbsp;m\u00f6chten wir zu dem ersten Arbeitsdienst<strong>&nbsp;<\/strong>des Jahres einladen.&nbsp;<\/p>\n\n\n\n<p>Der Dienst beginnt um 09:00 Uhr, Ende offen!<\/p>\n\n\n\n<p><strong><u>WICHTIG:<\/u><\/strong>&nbsp;Da zu verschiedenen Zeiten verschiedene Arbeiten anfallen (Stegbretter reinigen z.B.) ist&nbsp;ausnahmsweise&nbsp;auch ein sp\u00e4teres Erscheinen m\u00f6glich.&nbsp;Gearbeitet wird in Kleingruppen.<strong>&nbsp;&nbsp;<\/strong><\/p>\n\n\n\n<p><img loading=\"lazy\" decoding=\"async\" title=\"arbeitsdienst_alt\" src=\"http:\/\/www.aggertalersegelclub.de\/wordpress\/wp-content\/uploads\/2010\/02\/arbeitsdienst_alt.jpg\" alt=\"\" width=\"300\" height=\"225\"\/><\/p>\n\n\n\n<p>Folgende Arbeiten stehen auf dem Programm.<\/p>\n\n\n\n<p><strong><u>Steg Nord:<\/u><\/strong><\/p>\n\n\n\n<ul class=\"wp-block-list\"><li>Windenelemente Fetten<\/li><li>zu Wasser bringen Stegteile<\/li><li>Montage Stegteile<\/li><li>Seile einf\u00e4deln und aufwickeln<\/li><\/ul>\n\n\n\n<p><strong><u>Steg Nord und S\u00fcd:<\/u><\/strong><\/p>\n\n\n\n<ul class=\"wp-block-list\"><li>Winterf\u00e4sser entfernen<\/li><li>Stegbretter reinigen<\/li><li>Landseile pr\u00fcfen \/ neu montieren<\/li><\/ul>\n\n\n\n<p><strong><u>Gel\u00e4nde:<\/u><\/strong>&nbsp;reinigen<\/p>\n\n\n\n<p>F\u00fcr die Arbeiten werden ben\u00f6tig: Schwimmweste, Gummistiefel, Arbeitshandschuhe, Besen, Schrubber und Eimer, Schaufeln, Laubgebl\u00e4se, allg. Gartenger\u00e4te sowie der Witterung entsprechend robuste Kleidung.<\/p>\n\n\n\n<p>Grillgut und ein k\u00fchles Blondes zu St\u00e4rkung nach getaner Arbeit werden zur Verf\u00fcgung gestellt.&nbsp;<\/p>\n\n\n\n<p>Alle Mitglieder und Freunde des ASC sind recht herzlich eingeladen, an dem ersten Dienst in der neuen Saison teilzunehmen.&nbsp;<\/p>\n\n\n\n<p>Mit freundlichem Gru\u00df<\/p>\n\n\n\n<p>Der Vorstand<\/p>\n","protected":false},"excerpt":{"rendered":"<p>Einladung zum Arbeitsdienst am 19.03.2022!<br \/>\nF\u00fcr mehr Infos klicken Sie bitte auf die \u00dcberschrift.<\/p>\n","protected":false},"author":2,"featured_media":0,"comment_status":"closed","ping_status":"closed","sticky":false,"template":"","format":"standard","meta":{"ngg_post_thumbnail":0,"footnotes":"","_links_to":"","_links_to_target":""},"categories":[4],"tags":[],"class_list":["post-5140","post","type-post","status-publish","format-standard","hentry","category-termine"],"_links":{"self":[{"href":"https:\/\/www.aggertalersegelclub.de\/index.php?rest_route=\/wp\/v2\/posts\/5140","targetHints":{"allow":["GET"]}}],"collection":[{"href":"https:\/\/www.aggertalersegelclub.de\/index.php?rest_route=\/wp\/v2\/posts"}],"about":[{"href":"https:\/\/www.aggertalersegelclub.de\/index.php?rest_route=\/wp\/v2\/types\/post"}],"author":[{"embeddable":true,"href":"https:\/\/www.aggertalersegelclub.de\/index.php?rest_route=\/wp\/v2\/users\/2"}],"replies":[{"embeddable":true,"href":"https:\/\/www.aggertalersegelclub.de\/index.php?rest_route=%2Fwp%2Fv2%2Fcomments&post=5140"}],"version-history":[{"count":1,"href":"https:\/\/www.aggertalersegelclub.de\/index.php?rest_route=\/wp\/v2\/posts\/5140\/revisions"}],"predecessor-version":[{"id":5141,"href":"https:\/\/www.aggertalersegelclub.de\/index.php?rest_route=\/wp\/v2\/posts\/5140\/revisions\/5141"}],"wp:attachment":[{"href":"https:\/\/www.aggertalersegelclub.de\/index.php?rest_route=%2Fwp%2Fv2%2Fmedia&parent=5140"}],"wp:term":[{"taxonomy":"category","embeddable":true,"href":"https:\/\/www.aggertalersegelclub.de\/index.php?rest_route=%2Fwp%2Fv2%2Fcategories&post=5140"},{"taxonomy":"post_tag","embeddable":true,"href":"https:\/\/www.aggertalersegelclub.de\/index.php?rest_route=%2Fwp%2Fv2%2Ftags&post=5140"}],"curies":[{"name":"wp","href":"https:\/\/api.w.org\/{rel}","templated":true}]}}