{"id":4839,"date":"2019-10-12T13:33:30","date_gmt":"2019-10-12T11:33:30","guid":{"rendered":"http:\/\/www.aggertalersegelclub.de\/?p=4839"},"modified":"2019-10-12T13:33:30","modified_gmt":"2019-10-12T11:33:30","slug":"gute-ergebnisse-beim-atta-cup-2019","status":"publish","type":"post","link":"https:\/\/www.aggertalersegelclub.de\/?p=4839","title":{"rendered":"Gute Ergebnisse beim Atta-Cup 2019"},"content":{"rendered":"\n<p>Traditionell f\u00e4hrt die Jugend des ASC zum allj\u00e4hrlichen Atta-Cup der Jugend beim Yacht- und Ruder-Club Attendorn (YRCA). Dieses Jahr nahmen wir mit 3 Optis und einer Europe-Jolle in der Yardstick-Wertung teil. Bei tollem Wetter mit allerdings schwierigen Windbedingungen konnte sich Emily J\u00e4ger in der Gruppe der Opti-Anf\u00e4nger bei 7 Teilnehmern durchsetzen und segelte auf dem ASC-Regatta-Opti ALEX souver\u00e4n als erste \u00fcber die Ziellinie.<\/p>\n\n\n\n<div class=\"wp-block-image\"><figure class=\"aligncenter\"><img loading=\"lazy\" decoding=\"async\" width=\"440\" height=\"293\" src=\"https:\/\/www.aggertalersegelclub.de\/wordpress\/wp-content\/uploads\/2019\/10\/Bild1-klein.jpg\" alt=\"\" class=\"wp-image-4840\" srcset=\"https:\/\/www.aggertalersegelclub.de\/wordpress\/wp-content\/uploads\/2019\/10\/Bild1-klein.jpg 440w, https:\/\/www.aggertalersegelclub.de\/wordpress\/wp-content\/uploads\/2019\/10\/Bild1-klein-300x200.jpg 300w\" sizes=\"auto, (max-width: 440px) 100vw, 440px\" \/><\/figure><\/div>\n\n\n\n<p> Beim weitaus gr\u00f6\u00dferen Feld der fortgeschrittenen Optis (12 Teilnehmer) platzierten sich Bjarne Asselborn und Tom Schmidt im unteren Mittelfeld. Die gro\u00dfe \u00dcberraschung gelang Marian Asselborn, der nach seinem Umstieg vom Opti auf die Europe-Jolle erstmalig mit diesem Bootstyp an einer Regatta teilnahm. In einem Feld von 9 Booten (Laser, 420er) segelte Marian seine Europe-Jolle als erster durchs Ziel und siegte auch nach berechneter Zeit deutlich. Bei der anschlie\u00dfenden Siegerehrung erhielten alle Seglerinnen und Segler einen Pokal und konnten sich so ein wenig als Sieger f\u00fchlen. <\/p>\n\n\n\n<div class=\"wp-block-image\"><figure class=\"aligncenter\"><img loading=\"lazy\" decoding=\"async\" width=\"440\" height=\"330\" src=\"https:\/\/www.aggertalersegelclub.de\/wordpress\/wp-content\/uploads\/2019\/10\/Bild2-klein.jpg\" alt=\"\" class=\"wp-image-4841\" srcset=\"https:\/\/www.aggertalersegelclub.de\/wordpress\/wp-content\/uploads\/2019\/10\/Bild2-klein.jpg 440w, https:\/\/www.aggertalersegelclub.de\/wordpress\/wp-content\/uploads\/2019\/10\/Bild2-klein-300x225.jpg 300w\" sizes=\"auto, (max-width: 440px) 100vw, 440px\" \/><\/figure><\/div>\n\n\n\n<p>Dies wurde nat\u00fcrlich durch die wie immer sehr freundschaftliche Atmosph\u00e4re, die Wettkampfleiter und Jugendwart des YRCA verbreiten, verst\u00e4rkt. Mit diesem Gef\u00fchl verabschiedeten sich die ASC-Jugend beim YRCA und freut sich auf das n\u00e4chste Jahr.<\/p>\n\n\n\n<div class=\"wp-block-image\"><figure class=\"aligncenter\"><img loading=\"lazy\" decoding=\"async\" width=\"440\" height=\"330\" src=\"https:\/\/www.aggertalersegelclub.de\/wordpress\/wp-content\/uploads\/2019\/10\/Bild3-2-klein.jpg\" alt=\"\" class=\"wp-image-4842\" srcset=\"https:\/\/www.aggertalersegelclub.de\/wordpress\/wp-content\/uploads\/2019\/10\/Bild3-2-klein.jpg 440w, https:\/\/www.aggertalersegelclub.de\/wordpress\/wp-content\/uploads\/2019\/10\/Bild3-2-klein-300x225.jpg 300w\" sizes=\"auto, (max-width: 440px) 100vw, 440px\" \/><\/figure><\/div>\n","protected":false},"excerpt":{"rendered":"<p>Bericht \u00fcber den Atta-Cup 2019.<br \/>\nF\u00fcr mehr Infos klicken Sie bitte auf die \u00dcberschrift.<\/p>\n","protected":false},"author":2,"featured_media":0,"comment_status":"closed","ping_status":"closed","sticky":false,"template":"","format":"standard","meta":{"ngg_post_thumbnail":0,"footnotes":"","_links_to":"","_links_to_target":""},"categories":[1,5],"tags":[],"class_list":["post-4839","post","type-post","status-publish","format-standard","hentry","category-allgemein","category-jugend"],"_links":{"self":[{"href":"https:\/\/www.aggertalersegelclub.de\/index.php?rest_route=\/wp\/v2\/posts\/4839","targetHints":{"allow":["GET"]}}],"collection":[{"href":"https:\/\/www.aggertalersegelclub.de\/index.php?rest_route=\/wp\/v2\/posts"}],"about":[{"href":"https:\/\/www.aggertalersegelclub.de\/index.php?rest_route=\/wp\/v2\/types\/post"}],"author":[{"embeddable":true,"href":"https:\/\/www.aggertalersegelclub.de\/index.php?rest_route=\/wp\/v2\/users\/2"}],"replies":[{"embeddable":true,"href":"https:\/\/www.aggertalersegelclub.de\/index.php?rest_route=%2Fwp%2Fv2%2Fcomments&post=4839"}],"version-history":[{"count":2,"href":"https:\/\/www.aggertalersegelclub.de\/index.php?rest_route=\/wp\/v2\/posts\/4839\/revisions"}],"predecessor-version":[{"id":4844,"href":"https:\/\/www.aggertalersegelclub.de\/index.php?rest_route=\/wp\/v2\/posts\/4839\/revisions\/4844"}],"wp:attachment":[{"href":"https:\/\/www.aggertalersegelclub.de\/index.php?rest_route=%2Fwp%2Fv2%2Fmedia&parent=4839"}],"wp:term":[{"taxonomy":"category","embeddable":true,"href":"https:\/\/www.aggertalersegelclub.de\/index.php?rest_route=%2Fwp%2Fv2%2Fcategories&post=4839"},{"taxonomy":"post_tag","embeddable":true,"href":"https:\/\/www.aggertalersegelclub.de\/index.php?rest_route=%2Fwp%2Fv2%2Ftags&post=4839"}],"curies":[{"name":"wp","href":"https:\/\/api.w.org\/{rel}","templated":true}]}}