{"id":4798,"date":"2019-09-06T19:56:53","date_gmt":"2019-09-06T17:56:53","guid":{"rendered":"http:\/\/www.aggertalersegelclub.de\/?p=4798"},"modified":"2019-09-06T19:57:06","modified_gmt":"2019-09-06T17:57:06","slug":"einladung-zum-asc-absegeln-4","status":"publish","type":"post","link":"https:\/\/www.aggertalersegelclub.de\/?p=4798","title":{"rendered":"Einladung zum ASC Absegeln"},"content":{"rendered":"\n<p>&nbsp;Liebe Segler\/-innen, Freunde und G\u00e4ste des ASC,&nbsp;<\/p>\n\n\n\n<p>die Segelsaison neigt sich so langsam dem Ende zu. Aus diesem Grund m\u00f6chten wir die Gelegenheit nutzen, bevor die Ersten von uns in das Winterlager gehen oder in die wohlverdienten Herbstferien entschwinden, ein gemeinsames Absegeln mit Euch zu veranstalten.&nbsp;<img loading=\"lazy\" decoding=\"async\" width=\"400\" height=\"300\" class=\"wp-image-4799\" src=\"http:\/\/www.aggertalersegelclub.de\/wordpress\/wp-content\/uploads\/2019\/09\/Bildschirmfoto-2019-09-06-um-19.48.55.png\" alt=\"\" style=\"width: 400px;\" srcset=\"https:\/\/www.aggertalersegelclub.de\/wordpress\/wp-content\/uploads\/2019\/09\/Bildschirmfoto-2019-09-06-um-19.48.55.png 566w, https:\/\/www.aggertalersegelclub.de\/wordpress\/wp-content\/uploads\/2019\/09\/Bildschirmfoto-2019-09-06-um-19.48.55-300x225.png 300w\" sizes=\"auto, (max-width: 400px) 100vw, 400px\" \/><\/p>\n\n\n\n<p>Wir laden alle Mitglieder, Freunde und G\u00e4ste des ASC recht herzlich zu unserem Absegeln am <strong>Samstag<\/strong>, dem <strong>21. September 2019 <\/strong>ein.&nbsp;<\/p>\n\n\n\n<p>Der Treffpunkt ist ab <strong>14.00 Uhr <\/strong>an unserem Flaggenmast&nbsp;<\/p>\n\n\n\n<p>Bevor es zum gemeinsamen Segeln um ca. <strong>15.00 Uhr <\/strong>geht, wollen wir uns bei einem kleinen Imbiss st\u00e4rken.&nbsp;<\/p>\n\n\n\n<p>Ab ca. <strong>17.30 Uhr <\/strong>gehen wir dann zum gem\u00fctlichen und geselligen Saisonausklang \u00fcber. F\u00fcr das leibliche Wohl in Form von leckerem Grillgut, Getr\u00e4nken, Salten, etc. ist gesorgt.&nbsp;<\/p>\n\n\n\n<p>Es ergibt sich bestimmt auch die M\u00f6glichkeit f\u00fcr \u201eKapit\u00e4ne\u201c, die dieses Jahr nicht die Gelegenheit hatten aktiv zu segeln, bei Vereinskollegen mitzusegeln.&nbsp;<\/p>\n\n\n\n<div class=\"wp-block-image\"><figure class=\"aligncenter\"><img loading=\"lazy\" decoding=\"async\" width=\"223\" height=\"400\" src=\"http:\/\/www.aggertalersegelclub.de\/wordpress\/wp-content\/uploads\/2019\/09\/Bildschirmfoto-2019-09-06-um-19.48.58-e1567792233104.png\" alt=\"\" class=\"wp-image-4802\"\/><\/figure><\/div>\n\n\n\n<p>F\u00fcr eine optimale Planung bitten wir, um eine kurze <strong><em>R\u00fcckmeldung <\/em><\/strong>bis zum <strong><em>18. September 2019<\/em><\/strong>. Eine kurze Info wird ebenfalls erbeten, wenn Ihr nur zum abendlichen Grillen kommt.&nbsp;<\/p>\n\n\n\n<p>R\u00fcckmeldungen bitte an Jens Birkholz: <a href=\"mailto:jens.birkholz@web.de\">Jens.Birkholz@web.de<\/a>&nbsp;<\/p>\n\n\n\n<p>Es gibt auch wieder die M\u00f6glichkeit Vereinskleidung Jacken, Shirts, M\u00fctzen, K\u00e4ppis Aufkleber, Flaggen etc. zu erwerben bzw. zu bestellen. Mit dem Erwerb unterst\u00fctzt Ihr unsere Jugendarbeit.&nbsp;<\/p>\n\n\n\n<p>Wir freuen uns sehr \u00fcber eine rege Beteiligung.&nbsp;<\/p>\n\n\n\n<p>Mit freundlichen Gr\u00fc\u00dfen,&nbsp;<\/p>\n\n\n\n<p>der Vorstand&nbsp;<\/p>\n","protected":false},"excerpt":{"rendered":"<p>Einladung zum ASC Absegeln.<br \/>\nF\u00fcr mehr Infos klicken Sie bitte auf die \u00dcberschrift.<\/p>\n","protected":false},"author":2,"featured_media":0,"comment_status":"closed","ping_status":"closed","sticky":false,"template":"","format":"standard","meta":{"ngg_post_thumbnail":0,"footnotes":"","_links_to":"","_links_to_target":""},"categories":[3,4],"tags":[],"class_list":["post-4798","post","type-post","status-publish","format-standard","hentry","category-news","category-termine"],"_links":{"self":[{"href":"https:\/\/www.aggertalersegelclub.de\/index.php?rest_route=\/wp\/v2\/posts\/4798","targetHints":{"allow":["GET"]}}],"collection":[{"href":"https:\/\/www.aggertalersegelclub.de\/index.php?rest_route=\/wp\/v2\/posts"}],"about":[{"href":"https:\/\/www.aggertalersegelclub.de\/index.php?rest_route=\/wp\/v2\/types\/post"}],"author":[{"embeddable":true,"href":"https:\/\/www.aggertalersegelclub.de\/index.php?rest_route=\/wp\/v2\/users\/2"}],"replies":[{"embeddable":true,"href":"https:\/\/www.aggertalersegelclub.de\/index.php?rest_route=%2Fwp%2Fv2%2Fcomments&post=4798"}],"version-history":[{"count":6,"href":"https:\/\/www.aggertalersegelclub.de\/index.php?rest_route=\/wp\/v2\/posts\/4798\/revisions"}],"predecessor-version":[{"id":4806,"href":"https:\/\/www.aggertalersegelclub.de\/index.php?rest_route=\/wp\/v2\/posts\/4798\/revisions\/4806"}],"wp:attachment":[{"href":"https:\/\/www.aggertalersegelclub.de\/index.php?rest_route=%2Fwp%2Fv2%2Fmedia&parent=4798"}],"wp:term":[{"taxonomy":"category","embeddable":true,"href":"https:\/\/www.aggertalersegelclub.de\/index.php?rest_route=%2Fwp%2Fv2%2Fcategories&post=4798"},{"taxonomy":"post_tag","embeddable":true,"href":"https:\/\/www.aggertalersegelclub.de\/index.php?rest_route=%2Fwp%2Fv2%2Ftags&post=4798"}],"curies":[{"name":"wp","href":"https:\/\/api.w.org\/{rel}","templated":true}]}}