{"id":4793,"date":"2019-08-29T10:38:46","date_gmt":"2019-08-29T08:38:46","guid":{"rendered":"http:\/\/www.aggertalersegelclub.de\/?p=4793"},"modified":"2019-08-29T10:38:46","modified_gmt":"2019-08-29T08:38:46","slug":"sbf-see-lehrgang-ab-september","status":"publish","type":"post","link":"https:\/\/www.aggertalersegelclub.de\/?p=4793","title":{"rendered":"SBF See Lehrgang ab September"},"content":{"rendered":"\n<p>Liebe ASCler, Freunde und G\u00e4ste des ASC,<\/p>\n\n\n\n<p>auch dieses Jahr bietet unser ASC-Mitglied Dirk Sessinghaus wieder einen SBF-See Lehrgang bei uns an der Bigge an.<\/p>\n\n\n\n<p>Die genauen Informationen, Termine und Kosten befinden sich in der\u00a0<a href=\"http:\/\/www.aggertalersegelclub.de\/wordpress\/wp-content\/uploads\/2019\/08\/Plakat-2019-Herbst-SBF-See-V02.pdf\" target=\"_blank\" rel=\"noreferrer noopener\" aria-label=\" (\u00f6ffnet in neuem Tab)\">angeh\u00e4ngten PDF-Datei<\/a>.<\/p>\n\n\n\n<p>Der Lehrgang findet in unserem Clubhaus im ASC\/WSVB Jugendraum statt. Lehrgangsbeginn ist der Montag 30.09.2019 19:00 (Montag vor den Herbstferien).<\/p>\n\n\n\n<p>Wer Interesse hat kann sich melden bzw. anmelden bei: Dirk Sessinghaus, Telefon 02351 \/ 963432 ab 19 Uhr oder per E-Mail <a href=\"mailto:dirk-sessinghaus@t-online.de\">dirk-sessinghaus@t-online.de<\/a>.<\/p>\n\n\n\n<p>Der Lehrgang ist offen f\u00fcr alle die Interesse am Wassersport haben.<\/p>\n","protected":false},"excerpt":{"rendered":"<p>Terminank\u00fcndigung SBF-See Kurs.<br \/>\nF\u00fcr n\u00e4here Infos klicken Sie bitte auf die \u00dcberschrift.<\/p>\n","protected":false},"author":2,"featured_media":0,"comment_status":"closed","ping_status":"closed","sticky":false,"template":"","format":"standard","meta":{"ngg_post_thumbnail":0,"footnotes":"","_links_to":"","_links_to_target":""},"categories":[4],"tags":[],"class_list":["post-4793","post","type-post","status-publish","format-standard","hentry","category-termine"],"_links":{"self":[{"href":"https:\/\/www.aggertalersegelclub.de\/index.php?rest_route=\/wp\/v2\/posts\/4793","targetHints":{"allow":["GET"]}}],"collection":[{"href":"https:\/\/www.aggertalersegelclub.de\/index.php?rest_route=\/wp\/v2\/posts"}],"about":[{"href":"https:\/\/www.aggertalersegelclub.de\/index.php?rest_route=\/wp\/v2\/types\/post"}],"author":[{"embeddable":true,"href":"https:\/\/www.aggertalersegelclub.de\/index.php?rest_route=\/wp\/v2\/users\/2"}],"replies":[{"embeddable":true,"href":"https:\/\/www.aggertalersegelclub.de\/index.php?rest_route=%2Fwp%2Fv2%2Fcomments&post=4793"}],"version-history":[{"count":2,"href":"https:\/\/www.aggertalersegelclub.de\/index.php?rest_route=\/wp\/v2\/posts\/4793\/revisions"}],"predecessor-version":[{"id":4796,"href":"https:\/\/www.aggertalersegelclub.de\/index.php?rest_route=\/wp\/v2\/posts\/4793\/revisions\/4796"}],"wp:attachment":[{"href":"https:\/\/www.aggertalersegelclub.de\/index.php?rest_route=%2Fwp%2Fv2%2Fmedia&parent=4793"}],"wp:term":[{"taxonomy":"category","embeddable":true,"href":"https:\/\/www.aggertalersegelclub.de\/index.php?rest_route=%2Fwp%2Fv2%2Fcategories&post=4793"},{"taxonomy":"post_tag","embeddable":true,"href":"https:\/\/www.aggertalersegelclub.de\/index.php?rest_route=%2Fwp%2Fv2%2Ftags&post=4793"}],"curies":[{"name":"wp","href":"https:\/\/api.w.org\/{rel}","templated":true}]}}