{"id":4762,"date":"2019-07-09T09:44:18","date_gmt":"2019-07-09T07:44:18","guid":{"rendered":"http:\/\/www.aggertalersegelclub.de\/?p=4762"},"modified":"2019-07-09T09:45:00","modified_gmt":"2019-07-09T07:45:00","slug":"seefreizeit-in-friesland-mit-bootstaufe","status":"publish","type":"post","link":"https:\/\/www.aggertalersegelclub.de\/?p=4762","title":{"rendered":"Seefreizeit in Friesland mit Bootstaufe"},"content":{"rendered":"\n<p>Auch in 2019 fanden 29 Teilnehmerinnen und Teilnehmer den Weg nach Koudum in den Niederlanden, um mit der ASC-Jugend das Segeln auf gro\u00dfen Gew\u00e4ssern zu \u00fcben. Mit 9 Optimisten und einem 420er fanden sich Kinder, Junioren und erwachsene Begleiter \u00fcber Fronleichnam zu einer 4-t\u00e4gigen Segelfreizeit im Bungalowpark \u201eDe Kuilart\u201c ein. Gut organisiert und vorbereitet von der Segelschule <a rel=\"noreferrer noopener\" aria-label=\"Sailing.nrw (\u00f6ffnet in neuem Tab)\" href=\"https:\/\/www.sailing.nrw\/\" target=\"_blank\">Sailing.nrw<\/a> ging es bereits am Morgen des 20. Juni nach kurzer Einweisung aufs Wasser.<\/p>\n\n\n\n<figure class=\"wp-block-image\"><img loading=\"lazy\" decoding=\"async\" width=\"440\" height=\"293\" src=\"http:\/\/www.aggertalersegelclub.de\/wordpress\/wp-content\/uploads\/2019\/07\/Bild1.jpg\" alt=\"\" class=\"wp-image-4763\" srcset=\"https:\/\/www.aggertalersegelclub.de\/wordpress\/wp-content\/uploads\/2019\/07\/Bild1.jpg 440w, https:\/\/www.aggertalersegelclub.de\/wordpress\/wp-content\/uploads\/2019\/07\/Bild1-300x200.jpg 300w\" sizes=\"auto, (max-width: 440px) 100vw, 440px\" \/><\/figure>\n\n\n\n<figure class=\"wp-block-image\"><img loading=\"lazy\" decoding=\"async\" width=\"440\" height=\"293\" src=\"http:\/\/www.aggertalersegelclub.de\/wordpress\/wp-content\/uploads\/2019\/07\/Bild2.jpg\" alt=\"\" class=\"wp-image-4764\" srcset=\"https:\/\/www.aggertalersegelclub.de\/wordpress\/wp-content\/uploads\/2019\/07\/Bild2.jpg 440w, https:\/\/www.aggertalersegelclub.de\/wordpress\/wp-content\/uploads\/2019\/07\/Bild2-300x200.jpg 300w\" sizes=\"auto, (max-width: 440px) 100vw, 440px\" \/><\/figure>\n\n\n\n<p>Die 3 motorisierten Sicherungsboote gaben die n\u00f6tige Sicherheit, dass auch die weniger erfahrenen Kinder ohne Angst die friesische Seenplatten erkunden konnten.&nbsp;Nachdem wir in Vorjahren schon \u00f6fter mit Starkwinden zu tun hatten, waren die Wetterbedingungen in 2019 eher moderat. Bei 2-3 Bft. konnten selbst die j\u00fcngeren Segler ihre Erfahrungen auf den friesischen \u201eMeeren\u201c machen. Seglerische H\u00f6hepunkte waren dabei eine Langfahrt in das Meer \u201eDe Fluezen\u201c, wo wir die Mittagsrast auf der \u201eHaseninsel\u201c zu einem Picknick nutzten, sowie eine Schleppfahrt gegen den Wind durch den engen Johan Friso-Kanal, der bei zahlreichen \u201eSehleuten\u201c an Land zu&nbsp; respektvollen Blicken f\u00fchrte. Diese Schleppfahrt forderte bei Kindern und Betreuern h\u00f6chste Aufmerksamkeit, zumal an der engsten Stelle noch mit einem gro\u00dfen Plattbodenschiff Gegenverkehr kam und ein Polyfalk mit Maschinenschaden kurzfristig man\u00f6vrierunf\u00e4hig war. Ein spannender Tag\u2026<br \/><\/p>\n\n\n\n<figure class=\"wp-block-image\"><img loading=\"lazy\" decoding=\"async\" width=\"440\" height=\"293\" src=\"http:\/\/www.aggertalersegelclub.de\/wordpress\/wp-content\/uploads\/2019\/07\/Bild3.jpg\" alt=\"\" class=\"wp-image-4765\" srcset=\"https:\/\/www.aggertalersegelclub.de\/wordpress\/wp-content\/uploads\/2019\/07\/Bild3.jpg 440w, https:\/\/www.aggertalersegelclub.de\/wordpress\/wp-content\/uploads\/2019\/07\/Bild3-300x200.jpg 300w\" sizes=\"auto, (max-width: 440px) 100vw, 440px\" \/><\/figure>\n\n\n\n<figure class=\"wp-block-image\"><img loading=\"lazy\" decoding=\"async\" width=\"440\" height=\"293\" src=\"http:\/\/www.aggertalersegelclub.de\/wordpress\/wp-content\/uploads\/2019\/07\/Bild4.jpg\" alt=\"\" class=\"wp-image-4766\" srcset=\"https:\/\/www.aggertalersegelclub.de\/wordpress\/wp-content\/uploads\/2019\/07\/Bild4.jpg 440w, https:\/\/www.aggertalersegelclub.de\/wordpress\/wp-content\/uploads\/2019\/07\/Bild4-300x200.jpg 300w\" sizes=\"auto, (max-width: 440px) 100vw, 440px\" \/><\/figure>\n\n\n\n<p>Die letzte Neubeschaffung der Jugendabteilung war in Friesland mit dabei: unser neuer Trainingsopti mit Namen \u2013 halt! Er hat ja noch gar keinen. H\u00f6chste Zeit, einen Namen festzulegen und den Opti standesgem\u00e4\u00df zu taufen. Eines war klar: die ASC-Kinder entscheiden \u00fcber den Namen. In demokratischer Runde erfolgte nach mehreren Wahlg\u00e4ngen eine Stichwahl. Mit nur einer Stimme gewann dabei der Name \u201eOPTImal\u201c. In n\u00e4chtlicher Runde erfolgte dann die Bootstaufe nach einer kurzen Ansprache unseres Vorsitzenden Michael Dietershagen durch Helena und Emily. Wir w\u00fcnschen OPTImal allzeit gute Fahrt und immer eine Handbreit Wasser unter dem Schwert.<\/p>\n\n\n\n<figure class=\"wp-block-image\"><img loading=\"lazy\" decoding=\"async\" width=\"440\" height=\"294\" src=\"http:\/\/www.aggertalersegelclub.de\/wordpress\/wp-content\/uploads\/2019\/07\/Bild5.jpg\" alt=\"\" class=\"wp-image-4767\" srcset=\"https:\/\/www.aggertalersegelclub.de\/wordpress\/wp-content\/uploads\/2019\/07\/Bild5.jpg 440w, https:\/\/www.aggertalersegelclub.de\/wordpress\/wp-content\/uploads\/2019\/07\/Bild5-300x200.jpg 300w\" sizes=\"auto, (max-width: 440px) 100vw, 440px\" \/><\/figure>\n\n\n\n<p>Nach 4 erlebnisreichen und sch\u00f6nen Tagen hie\u00df es Abschied nehmen. Die ersten Familien mussten bereits fr\u00fch los und nur Franzi und Jonathan nutzten auf dem 420er den Sonntag f\u00fcr einen mehrst\u00fcndigen Trainingsschlag, bevor auch sie den Heimweg antraten.&nbsp;<br \/><\/p>\n\n\n\n<figure class=\"wp-block-image\"><img loading=\"lazy\" decoding=\"async\" width=\"440\" height=\"660\" src=\"http:\/\/www.aggertalersegelclub.de\/wordpress\/wp-content\/uploads\/2019\/07\/Bild6.jpg\" alt=\"\" class=\"wp-image-4768\" srcset=\"https:\/\/www.aggertalersegelclub.de\/wordpress\/wp-content\/uploads\/2019\/07\/Bild6.jpg 440w, https:\/\/www.aggertalersegelclub.de\/wordpress\/wp-content\/uploads\/2019\/07\/Bild6-200x300.jpg 200w\" sizes=\"auto, (max-width: 440px) 100vw, 440px\" \/><\/figure>\n\n\n\n<p>Bericht: M. Bilo<\/p>\n","protected":false},"excerpt":{"rendered":"<p>Bericht \u00fcber die Segelfreizeit in Koudum.<br \/>\nF\u00fcr mehr Infos klicken Sie bitte auf die \u00dcberschrift.<\/p>\n","protected":false},"author":2,"featured_media":0,"comment_status":"closed","ping_status":"closed","sticky":false,"template":"","format":"standard","meta":{"ngg_post_thumbnail":0,"footnotes":"","_links_to":"","_links_to_target":""},"categories":[5],"tags":[],"class_list":["post-4762","post","type-post","status-publish","format-standard","hentry","category-jugend"],"_links":{"self":[{"href":"https:\/\/www.aggertalersegelclub.de\/index.php?rest_route=\/wp\/v2\/posts\/4762","targetHints":{"allow":["GET"]}}],"collection":[{"href":"https:\/\/www.aggertalersegelclub.de\/index.php?rest_route=\/wp\/v2\/posts"}],"about":[{"href":"https:\/\/www.aggertalersegelclub.de\/index.php?rest_route=\/wp\/v2\/types\/post"}],"author":[{"embeddable":true,"href":"https:\/\/www.aggertalersegelclub.de\/index.php?rest_route=\/wp\/v2\/users\/2"}],"replies":[{"embeddable":true,"href":"https:\/\/www.aggertalersegelclub.de\/index.php?rest_route=%2Fwp%2Fv2%2Fcomments&post=4762"}],"version-history":[{"count":5,"href":"https:\/\/www.aggertalersegelclub.de\/index.php?rest_route=\/wp\/v2\/posts\/4762\/revisions"}],"predecessor-version":[{"id":4773,"href":"https:\/\/www.aggertalersegelclub.de\/index.php?rest_route=\/wp\/v2\/posts\/4762\/revisions\/4773"}],"wp:attachment":[{"href":"https:\/\/www.aggertalersegelclub.de\/index.php?rest_route=%2Fwp%2Fv2%2Fmedia&parent=4762"}],"wp:term":[{"taxonomy":"category","embeddable":true,"href":"https:\/\/www.aggertalersegelclub.de\/index.php?rest_route=%2Fwp%2Fv2%2Fcategories&post=4762"},{"taxonomy":"post_tag","embeddable":true,"href":"https:\/\/www.aggertalersegelclub.de\/index.php?rest_route=%2Fwp%2Fv2%2Ftags&post=4762"}],"curies":[{"name":"wp","href":"https:\/\/api.w.org\/{rel}","templated":true}]}}