{"id":4661,"date":"2019-02-27T23:42:12","date_gmt":"2019-02-27T21:42:12","guid":{"rendered":"http:\/\/www.aggertalersegelclub.de\/?p=4661"},"modified":"2019-02-28T00:03:08","modified_gmt":"2019-02-27T22:03:08","slug":"die-bowlingbahnen-riefen-wieder-asc-jugendversammlung","status":"publish","type":"post","link":"https:\/\/www.aggertalersegelclub.de\/?p=4661","title":{"rendered":"Die Bowlingbahnen riefen wieder &#8211; ASC-Jugendversammlung"},"content":{"rendered":"\n<p>Schon fast eine Tradition: Zum Jahresbeginn haben sich am 24.02.2019 unsere ASC-Kinder und Jugendlichen zur Jugendversammlung im Bowling-Center Overath getroffen. Insgesamt 12 Jugendmitglieder waren mit ihren Eltern gekommen um sich mit den Jugendwarten \u00fcber die Planungen f\u00fcr das Segeljahr 2019 auszutauschen. Mit dabei waren auch zwei neue Gesichter, was uns ganz besonders freut. Herzlich Willkommen beim ASC!<\/p>\n\n\n\n<figure class=\"wp-block-image\"><img loading=\"lazy\" decoding=\"async\" width=\"440\" height=\"564\" src=\"https:\/\/www.aggertalersegelclub.de\/wordpress\/wp-content\/uploads\/2019\/02\/ASC_Bowling2.png\" alt=\"\" class=\"wp-image-4662\" srcset=\"https:\/\/www.aggertalersegelclub.de\/wordpress\/wp-content\/uploads\/2019\/02\/ASC_Bowling2.png 440w, https:\/\/www.aggertalersegelclub.de\/wordpress\/wp-content\/uploads\/2019\/02\/ASC_Bowling2-234x300.png 234w\" sizes=\"auto, (max-width: 440px) 100vw, 440px\" \/><\/figure>\n\n\n\n<p>Doch bevor die Saison 2019 startet wurde zun\u00e4chst der Jugendmeister 2018 gek\u00fcrt. Dieses Jahr durfte Bjarne Asselborn den Wanderpokal mit nach Hause nehmen. Der zweite Platz ging an Daniel Kauss, der leider nach einem Umzug jetzt in Spanien segelt. Die Urkunde und Medaille werden ihm nach Spanien geschickt. Den dritten Platz erlang Ben Reimers.<\/p>\n\n\n\n<p>Schwerpunkte der Saison 2019 werden Trainings f\u00fcr fortgeschrittende Opti-Segler sowie Einf\u00fchrungstrainings f\u00fcr Opti-Anf\u00e4nger und zwei neue 420er-Crews sein. Auch die geplante Seefreizeit in Koudum wird einen H\u00f6hepunkt der diesj\u00e4hrigen Saison sein.<\/p>\n\n\n\n<p>Nach einer knappen Stunde war es dann endlich soweit, die Kugeln konnten endlich rollen&#8230;<br \/><\/p>\n","protected":false},"excerpt":{"rendered":"<p>Bericht zur Jugendversammlung.<br \/>\nF\u00fcr mehr Infos klicken Sie bitte auf die \u00dcberschrift.<\/p>\n","protected":false},"author":2,"featured_media":0,"comment_status":"closed","ping_status":"closed","sticky":false,"template":"","format":"standard","meta":{"ngg_post_thumbnail":0,"footnotes":"","_links_to":"","_links_to_target":""},"categories":[5,3],"tags":[],"class_list":["post-4661","post","type-post","status-publish","format-standard","hentry","category-jugend","category-news"],"_links":{"self":[{"href":"https:\/\/www.aggertalersegelclub.de\/index.php?rest_route=\/wp\/v2\/posts\/4661","targetHints":{"allow":["GET"]}}],"collection":[{"href":"https:\/\/www.aggertalersegelclub.de\/index.php?rest_route=\/wp\/v2\/posts"}],"about":[{"href":"https:\/\/www.aggertalersegelclub.de\/index.php?rest_route=\/wp\/v2\/types\/post"}],"author":[{"embeddable":true,"href":"https:\/\/www.aggertalersegelclub.de\/index.php?rest_route=\/wp\/v2\/users\/2"}],"replies":[{"embeddable":true,"href":"https:\/\/www.aggertalersegelclub.de\/index.php?rest_route=%2Fwp%2Fv2%2Fcomments&post=4661"}],"version-history":[{"count":6,"href":"https:\/\/www.aggertalersegelclub.de\/index.php?rest_route=\/wp\/v2\/posts\/4661\/revisions"}],"predecessor-version":[{"id":4669,"href":"https:\/\/www.aggertalersegelclub.de\/index.php?rest_route=\/wp\/v2\/posts\/4661\/revisions\/4669"}],"wp:attachment":[{"href":"https:\/\/www.aggertalersegelclub.de\/index.php?rest_route=%2Fwp%2Fv2%2Fmedia&parent=4661"}],"wp:term":[{"taxonomy":"category","embeddable":true,"href":"https:\/\/www.aggertalersegelclub.de\/index.php?rest_route=%2Fwp%2Fv2%2Fcategories&post=4661"},{"taxonomy":"post_tag","embeddable":true,"href":"https:\/\/www.aggertalersegelclub.de\/index.php?rest_route=%2Fwp%2Fv2%2Ftags&post=4661"}],"curies":[{"name":"wp","href":"https:\/\/api.w.org\/{rel}","templated":true}]}}