{"id":4555,"date":"2018-10-31T06:45:03","date_gmt":"2018-10-31T04:45:03","guid":{"rendered":"http:\/\/www.aggertalersegelclub.de\/?p=4555"},"modified":"2018-10-31T06:45:03","modified_gmt":"2018-10-31T04:45:03","slug":"herbstabschluss-der-asc-jugendabteilung-in-krefeld","status":"publish","type":"post","link":"https:\/\/www.aggertalersegelclub.de\/?p=4555","title":{"rendered":"Herbstabschluss der ASC-Jugendabteilung in Krefeld"},"content":{"rendered":"<p>Am Samstag den 27.10 und Sonntag den 28.10. haben sich drei unserer Opti-Kinder mit Ihren Eltern aufgemacht um an der Herbstabschluss-Regatta des Krefelder Segelklubs auf dem Elfrather See teilzunehmen. F\u00fcr zwei der drei Opti-Kinder war dies die erste \u201eAusw\u00e4rtsregatta\u201c nach Bestehen des J\u00fcngstensegelscheins, die auf einem unbekannten Segelrevier gemeistert wurde.<br \/>\nInsgesamt starteten in den Klassen Opti C und B knapp 30 Kinder mit Ihren Booten.<br \/>\nNachdem es am Samstag f\u00fcr die Jahreszeit noch angenehm warm war und es zwar unangenehm drehenden, aber wenig Wind gab, waren am Sonntag dicke M\u00fctzen angesagt. Die Temperaturen waren deutlich gesunken, daf\u00fcr die Windst\u00e4rke deutlich gestiegen.<br \/>\nDennoch wurden die Segler schon um 9.00 Uhr auf dem Wasser erwartet, was trotz der Stunde l\u00e4ngeren Schlafs durch die Zeitumstellung f\u00fcr die Kinder des ASCs (der Verein mit der weitesten Anreise) fr\u00fches Aufstehen am letzten Ferientag bedeutete. Die heftigen B\u00f6en und die ein oder andere Kenterung (nicht von unseren ASC-Seglern!) sorgten jedoch f\u00fcr schnelles Aufwachen.<br \/>\nAm Ende erhielten alle Teilnehmer eine Medaille und einen Steuerbord- (Waldmeister) oder ein Backbord- (Kirsch) Getr\u00e4nk.<\/p>\n<div id=\"attachment_4556\" style=\"width: 410px\" class=\"wp-caption alignleft\"><img loading=\"lazy\" decoding=\"async\" aria-describedby=\"caption-attachment-4556\" class=\"wp-image-4556 size-full\" src=\"http:\/\/www.aggertalersegelclub.de\/wordpress\/wp-content\/uploads\/2018\/10\/IMG_5620.jpg\" alt=\"\" width=\"400\" height=\"533\" srcset=\"https:\/\/www.aggertalersegelclub.de\/wordpress\/wp-content\/uploads\/2018\/10\/IMG_5620.jpg 400w, https:\/\/www.aggertalersegelclub.de\/wordpress\/wp-content\/uploads\/2018\/10\/IMG_5620-225x300.jpg 225w\" sizes=\"auto, (max-width: 400px) 100vw, 400px\" \/><p id=\"caption-attachment-4556\" class=\"wp-caption-text\">Unsere ASC Opti-Kids von links nach rechts: Tom Schmidt, Ben Reimers und Bjarne Asselborn. Foto: S. Thiele<\/p><\/div>\n","protected":false},"excerpt":{"rendered":"<p>Bericht \u00fcber die Teilnahme der ASC-Jugend bei der Herbstabschluss-Regatta in Krefeld.<br \/>\nF\u00fcr n\u00e4here Informationen klicken Sie bitte auf die \u00dcberschrift.<\/p>\n","protected":false},"author":2,"featured_media":0,"comment_status":"closed","ping_status":"closed","sticky":false,"template":"","format":"standard","meta":{"ngg_post_thumbnail":0,"footnotes":"","_links_to":"","_links_to_target":""},"categories":[5],"tags":[],"class_list":["post-4555","post","type-post","status-publish","format-standard","hentry","category-jugend"],"_links":{"self":[{"href":"https:\/\/www.aggertalersegelclub.de\/index.php?rest_route=\/wp\/v2\/posts\/4555","targetHints":{"allow":["GET"]}}],"collection":[{"href":"https:\/\/www.aggertalersegelclub.de\/index.php?rest_route=\/wp\/v2\/posts"}],"about":[{"href":"https:\/\/www.aggertalersegelclub.de\/index.php?rest_route=\/wp\/v2\/types\/post"}],"author":[{"embeddable":true,"href":"https:\/\/www.aggertalersegelclub.de\/index.php?rest_route=\/wp\/v2\/users\/2"}],"replies":[{"embeddable":true,"href":"https:\/\/www.aggertalersegelclub.de\/index.php?rest_route=%2Fwp%2Fv2%2Fcomments&post=4555"}],"version-history":[{"count":3,"href":"https:\/\/www.aggertalersegelclub.de\/index.php?rest_route=\/wp\/v2\/posts\/4555\/revisions"}],"predecessor-version":[{"id":4559,"href":"https:\/\/www.aggertalersegelclub.de\/index.php?rest_route=\/wp\/v2\/posts\/4555\/revisions\/4559"}],"wp:attachment":[{"href":"https:\/\/www.aggertalersegelclub.de\/index.php?rest_route=%2Fwp%2Fv2%2Fmedia&parent=4555"}],"wp:term":[{"taxonomy":"category","embeddable":true,"href":"https:\/\/www.aggertalersegelclub.de\/index.php?rest_route=%2Fwp%2Fv2%2Fcategories&post=4555"},{"taxonomy":"post_tag","embeddable":true,"href":"https:\/\/www.aggertalersegelclub.de\/index.php?rest_route=%2Fwp%2Fv2%2Ftags&post=4555"}],"curies":[{"name":"wp","href":"https:\/\/api.w.org\/{rel}","templated":true}]}}