{"id":4462,"date":"2018-10-01T14:54:04","date_gmt":"2018-10-01T12:54:04","guid":{"rendered":"http:\/\/www.aggertalersegelclub.de\/?p=4462"},"modified":"2018-10-01T14:54:04","modified_gmt":"2018-10-01T12:54:04","slug":"asc-stellt-landesjuengstenmeister-in-opti-b","status":"publish","type":"post","link":"https:\/\/www.aggertalersegelclub.de\/?p=4462","title":{"rendered":"ASC stellt Landesj\u00fcngstenmeister in Opti B"},"content":{"rendered":"<p>Nach einem \u00e4u\u00dfert spannenden Kopf an Kopf Rennen bei der Landes-J\u00fcngstenmeisterschaft in Medemblik (NL) am 22. und 23.09.2018 konnte sich Marian Asselborn vom ASC durchsetzen und durfte den Wanderpokal f\u00fcr den \u201eLandesj\u00fcngstenmeister NRW der Optimisten B\u201c in Empfang nehmen.<\/p>\n<p><a href=\"http:\/\/www.aggertalersegelclub.de\/wordpress\/wp-content\/uploads\/2018\/10\/IMG_5466-e1538398267129.jpg\"><img loading=\"lazy\" decoding=\"async\" class=\"alignleft wp-image-4463\" src=\"http:\/\/www.aggertalersegelclub.de\/wordpress\/wp-content\/uploads\/2018\/10\/IMG_5466-e1538398267129.jpg\" alt=\"\" width=\"400\" height=\"300\" srcset=\"https:\/\/www.aggertalersegelclub.de\/wordpress\/wp-content\/uploads\/2018\/10\/IMG_5466-e1538398267129.jpg 3264w, https:\/\/www.aggertalersegelclub.de\/wordpress\/wp-content\/uploads\/2018\/10\/IMG_5466-e1538398267129-300x225.jpg 300w, https:\/\/www.aggertalersegelclub.de\/wordpress\/wp-content\/uploads\/2018\/10\/IMG_5466-e1538398267129-768x576.jpg 768w, https:\/\/www.aggertalersegelclub.de\/wordpress\/wp-content\/uploads\/2018\/10\/IMG_5466-e1538398267129-1024x768.jpg 1024w\" sizes=\"auto, (max-width: 400px) 100vw, 400px\" \/><\/a><\/p>\n<p>Bei der \u201epinta Opti-Trophy\u201c des D\u00fcsseldorfer Yachtclub, in deren Rahmen j\u00e4hrlich die Landesj\u00fcngstenmeisterschaft ausgesegelt wird, wurde von den tapferen Matrosen alles abverlangt. Viele Kinder waren bereits am Freitag zum Einsegeln angereist. Aber bei bis sieben Beaufort Windst\u00e4rken und ordentlich Welle sa\u00dfen mehr Kinder auf den Trainerbooten als in ihren Optis.<br \/>\nNach dem ersten Lauf am Samstag zog eine Starkregenfront auf, so dass die Wettfahrtleitung die \u201eOpti B\u00b4s\u201c zur\u00fcck in den Hafen schickte. Scheinbar war die Regatta f\u00fcr diesen Tag gelaufen, so dass Trokos schon zum trocknen ausgezogen und Boote abgeriggt waren. Die Kinder spielten schon als pl\u00f6tzlich das Kommando kam: \u201eAlle Optis in 10 Minuten auf das Wasser!\u201c \u2013 Der Pulsschlag, auf den sich die Herzen der Eltern innerhalb von Sekundenbruchteilen beschleunigten um Kinder und Boote wieder regattaf\u00e4hig zu bekommen, ist messtechnisch nicht zu erfassen.<br \/>\nAls dann am sp\u00e4ten Nachmittag nach zwei weiteren L\u00e4ufen die Segler allm\u00e4hlich in den Hafen eintrudelten herrschte eine f\u00fcr Opti-Regatten, bei denen es sonst immer sehr lebhaft zugeht, eine untypische Stille. \u201eM\u00fcde Krieger\u201c sagte eine Opti-Mama passend.<br \/>\nAm Sonntagmorgen sah es zuerst nach Flaute und Startverschiebung aus, so dass sich alle auf einen ruhigen Vormittag einstellten. Gegen 9.00 Uhr hie\u00df es allerdings \u201eDie Wettfahrtleitung erwartet die Optis am Start!\u201c und die Flotte kleiner Boote setzte sich in Bewegung. Der Wind frischte deutlich auf und eine weitere kr\u00e4ftige Regenfront zog durch. Dennoch wurden auch am Sonntag drei L\u00e4ufe gesegelt, die allerdings nicht von allen Kindern geschafft wurden. Sie brachen ab, da es inzwischen zu vielen Kenterungen gekommen war und sie durchgefroren zum Regattacenter zur\u00fcck segelten oder von ihren Betreuern reingeschleppt wurden.<\/p>\n<p>Bericht S. Thiele<\/p>\n","protected":false},"excerpt":{"rendered":"<p>Bericht \u00fcber die Teilnahme von Marian Asselborn bei der LJM Opti-B.<br \/>\nF\u00fcr mehr Infos klicken Sie bitte auf die \u00dcberschrift.<\/p>\n","protected":false},"author":2,"featured_media":0,"comment_status":"closed","ping_status":"closed","sticky":false,"template":"","format":"standard","meta":{"ngg_post_thumbnail":0,"footnotes":"","_links_to":"","_links_to_target":""},"categories":[5],"tags":[],"class_list":["post-4462","post","type-post","status-publish","format-standard","hentry","category-jugend"],"_links":{"self":[{"href":"https:\/\/www.aggertalersegelclub.de\/index.php?rest_route=\/wp\/v2\/posts\/4462","targetHints":{"allow":["GET"]}}],"collection":[{"href":"https:\/\/www.aggertalersegelclub.de\/index.php?rest_route=\/wp\/v2\/posts"}],"about":[{"href":"https:\/\/www.aggertalersegelclub.de\/index.php?rest_route=\/wp\/v2\/types\/post"}],"author":[{"embeddable":true,"href":"https:\/\/www.aggertalersegelclub.de\/index.php?rest_route=\/wp\/v2\/users\/2"}],"replies":[{"embeddable":true,"href":"https:\/\/www.aggertalersegelclub.de\/index.php?rest_route=%2Fwp%2Fv2%2Fcomments&post=4462"}],"version-history":[{"count":4,"href":"https:\/\/www.aggertalersegelclub.de\/index.php?rest_route=\/wp\/v2\/posts\/4462\/revisions"}],"predecessor-version":[{"id":4472,"href":"https:\/\/www.aggertalersegelclub.de\/index.php?rest_route=\/wp\/v2\/posts\/4462\/revisions\/4472"}],"wp:attachment":[{"href":"https:\/\/www.aggertalersegelclub.de\/index.php?rest_route=%2Fwp%2Fv2%2Fmedia&parent=4462"}],"wp:term":[{"taxonomy":"category","embeddable":true,"href":"https:\/\/www.aggertalersegelclub.de\/index.php?rest_route=%2Fwp%2Fv2%2Fcategories&post=4462"},{"taxonomy":"post_tag","embeddable":true,"href":"https:\/\/www.aggertalersegelclub.de\/index.php?rest_route=%2Fwp%2Fv2%2Ftags&post=4462"}],"curies":[{"name":"wp","href":"https:\/\/api.w.org\/{rel}","templated":true}]}}