{"id":4044,"date":"2017-10-03T06:21:13","date_gmt":"2017-10-03T04:21:13","guid":{"rendered":"http:\/\/www.aggertalersegelclub.de\/?p=4044"},"modified":"2017-10-03T06:21:13","modified_gmt":"2017-10-03T04:21:13","slug":"landesjuengstenmeisterschaft-nrw-der-optimisten","status":"publish","type":"post","link":"https:\/\/www.aggertalersegelclub.de\/?p=4044","title":{"rendered":"Landesj\u00fcngstenmeisterschaft NRW der Optimisten"},"content":{"rendered":"<p>Bei der diesj\u00e4hrigen Landesj\u00fcngstenmeisterschaft der Optimisten, die bei Medemblik auf dem Ijsselmeer ausgetragen wurde, konnte unser amtierender Jugendmeister Marian Asselborn in einem Feld von 50 Optis einen fantastischen 6. Platz in der Klasse Opti B erringen. Bei &#8211; f\u00fcr dieses Revier &#8211; unerwartet schwachem Wind aber sonnigem Wetter konnten am 23.09.2017 drei L\u00e4ufe gestartet werden. Auf der Webseite des SVNRW steht ein <a href=\"https:\/\/svnrw.org\/landesmeisterschaften\/meldungen\/landesjuengstenmeisterschaft-optimisten.html\" target=\"_blank\" rel=\"noopener\">ausf\u00fchrlicher Bericht<\/a> mit Bildern bereit.<\/p>\n","protected":false},"excerpt":{"rendered":"<p>Kurzer Bericht \u00fcber die LJM NRW.<br \/>\nF\u00fcr mehr Infos klicken Sie bitte auf die \u00dcberschrift.<\/p>\n","protected":false},"author":2,"featured_media":0,"comment_status":"closed","ping_status":"closed","sticky":false,"template":"","format":"standard","meta":{"ngg_post_thumbnail":0,"footnotes":"","_links_to":"","_links_to_target":""},"categories":[5,3],"tags":[],"class_list":["post-4044","post","type-post","status-publish","format-standard","hentry","category-jugend","category-news"],"_links":{"self":[{"href":"https:\/\/www.aggertalersegelclub.de\/index.php?rest_route=\/wp\/v2\/posts\/4044","targetHints":{"allow":["GET"]}}],"collection":[{"href":"https:\/\/www.aggertalersegelclub.de\/index.php?rest_route=\/wp\/v2\/posts"}],"about":[{"href":"https:\/\/www.aggertalersegelclub.de\/index.php?rest_route=\/wp\/v2\/types\/post"}],"author":[{"embeddable":true,"href":"https:\/\/www.aggertalersegelclub.de\/index.php?rest_route=\/wp\/v2\/users\/2"}],"replies":[{"embeddable":true,"href":"https:\/\/www.aggertalersegelclub.de\/index.php?rest_route=%2Fwp%2Fv2%2Fcomments&post=4044"}],"version-history":[{"count":2,"href":"https:\/\/www.aggertalersegelclub.de\/index.php?rest_route=\/wp\/v2\/posts\/4044\/revisions"}],"predecessor-version":[{"id":4047,"href":"https:\/\/www.aggertalersegelclub.de\/index.php?rest_route=\/wp\/v2\/posts\/4044\/revisions\/4047"}],"wp:attachment":[{"href":"https:\/\/www.aggertalersegelclub.de\/index.php?rest_route=%2Fwp%2Fv2%2Fmedia&parent=4044"}],"wp:term":[{"taxonomy":"category","embeddable":true,"href":"https:\/\/www.aggertalersegelclub.de\/index.php?rest_route=%2Fwp%2Fv2%2Fcategories&post=4044"},{"taxonomy":"post_tag","embeddable":true,"href":"https:\/\/www.aggertalersegelclub.de\/index.php?rest_route=%2Fwp%2Fv2%2Ftags&post=4044"}],"curies":[{"name":"wp","href":"https:\/\/api.w.org\/{rel}","templated":true}]}}