{"id":4012,"date":"2017-08-22T20:00:20","date_gmt":"2017-08-22T18:00:20","guid":{"rendered":"http:\/\/www.aggertalersegelclub.de\/?p=4012"},"modified":"2017-08-22T20:00:20","modified_gmt":"2017-08-22T18:00:20","slug":"schoene-segelfreizeit-der-jugendabteilung","status":"publish","type":"post","link":"https:\/\/www.aggertalersegelclub.de\/?p=4012","title":{"rendered":"Sch\u00f6ne Segelfreizeit der Jugendabteilung"},"content":{"rendered":"<p>Mit 33 Personen, von Kindern im Krabbelalter, \u00fcber Optisegler, Jugendliche, Junioren und erwachsenen Begleitern, Trainern und unseren Organisatoren von sailing.nrw, zog es den ASC-Tross dieses Jahr \u00fcber Fronleichnam erneut zum Ferienpark \u201eDe Kuilart\u201c in Koudum, NL. Wie bereits in den Vorjahren, hie\u00df es \u201eLeinen los zur Seefreizeit\u201c unserer Jugend auf den Seen Frieslands. W\u00e4hrend die Betreuer teilweise bereits am Mittwochmorgen staufrei anreisen konnten, \u00fcbten sich die Sp\u00e4tkommer ab Mittwochnachmittag in Geduld. Am sp\u00e4ten Abend hatten es dann die meisten auch geschafft.&nbsp;<\/p>\n<div id=\"attachment_4014\" style=\"width: 450px\" class=\"wp-caption alignleft\"><img loading=\"lazy\" decoding=\"async\" aria-describedby=\"caption-attachment-4014\" class=\"wp-image-4014 size-full\" src=\"http:\/\/www.aggertalersegelclub.de\/wordpress\/wp-content\/uploads\/2017\/08\/3.jpg\" alt=\"\" width=\"440\" height=\"294\" srcset=\"https:\/\/www.aggertalersegelclub.de\/wordpress\/wp-content\/uploads\/2017\/08\/3.jpg 440w, https:\/\/www.aggertalersegelclub.de\/wordpress\/wp-content\/uploads\/2017\/08\/3-300x200.jpg 300w\" sizes=\"auto, (max-width: 440px) 100vw, 440px\" \/><p id=\"caption-attachment-4014\" class=\"wp-caption-text\">Bild: Aleksandra Nowakowski<\/p><\/div>\n<p>Da f\u00fcr den Freitag Starkwind angesagt wurde, nutzen wir den ersten Segeltag am Donnerstag bereits f\u00fcr eine Langfahrt zur Insel Nieuwe Kruispolle im s\u00fcdlichen Heeger Meer. Begleitet von 2 Motorbooten und einem Polyvalken durchpfl\u00fcgten 5 Optis und drei 420er den \u201eFluessen\u201c, was bei Wassertiefen von teilweise deutlich unter einem Meter durchaus w\u00f6rtlich zu nehmen war. Wegen des aufbrisenden Starkwindes wurde der Freitag lediglich von wenigen Optis im Hafenbecken seglerisch genutzt, w\u00e4hrend die 420er aus Sicherheitsgr\u00fcnden an die Leine gelegt wurden. Nun ja \u2013 nur die Boote: auch 420er-Segler passen noch in Optis, wenn sie sich falten \ud83d\ude09 Reparaturarbeiten mit Bootsbauer Kai von sailing.nrw f\u00fcllten dann den Nachmittag aus, so dass die Zeit gut genutzt werden konnte. Der Samstag wurde zum freien Segeln im kleineren Gew\u00e4sser \u201ede Holken\u201c genutzt. Aber trotz abflauender Winde war der Appetit zur Mittagszeit ausgepr\u00e4gt, so dass in einer Mittagsrast am Ufer eine Pause eingelegt wurde. Der Sonntag stand bei Vielen schon im Zeichen der Abreise. Bei Schwachwind und Sonne wurde aber noch zuvor erfolgreich der Aufbau eines Opti-Schleppverbandes ge\u00fcbt. Nach Abbau aller Boote wurden Jollen, Riggs, Segel und weiteres Material verpackt und verladen.<\/p>\n<div id=\"attachment_4013\" style=\"width: 450px\" class=\"wp-caption alignleft\"><img loading=\"lazy\" decoding=\"async\" aria-describedby=\"caption-attachment-4013\" class=\"wp-image-4013 size-full\" src=\"http:\/\/www.aggertalersegelclub.de\/wordpress\/wp-content\/uploads\/2017\/08\/1.jpg\" alt=\"\" width=\"440\" height=\"330\" srcset=\"https:\/\/www.aggertalersegelclub.de\/wordpress\/wp-content\/uploads\/2017\/08\/1.jpg 440w, https:\/\/www.aggertalersegelclub.de\/wordpress\/wp-content\/uploads\/2017\/08\/1-300x225.jpg 300w\" sizes=\"auto, (max-width: 440px) 100vw, 440px\" \/><p id=\"caption-attachment-4013\" class=\"wp-caption-text\">Bild: Olaf Gortat<\/p><\/div>\n<p>Das Fazit: Unsere Jugend hatte nach eigener Aussage sehr viel Spa\u00df, konnte unter verschiedenen Windbedingungen lange Schl\u00e4ge segeln, \u00fcbten das Fahren im belebten Fahrwasser und wuchsen als Gruppe auf dem Wasser und an Land weiter zusammen. Eine tolle Zeit was das mit euch! Vielen Dank an alle Helferinnen und Helfer und an sailing.nrw f\u00fcr die Vorbereitung und Durchf\u00fchrung der Ma\u00dfnahme.<\/p>\n<div id=\"attachment_4015\" style=\"width: 450px\" class=\"wp-caption alignleft\"><img loading=\"lazy\" decoding=\"async\" aria-describedby=\"caption-attachment-4015\" class=\"wp-image-4015 size-full\" src=\"http:\/\/www.aggertalersegelclub.de\/wordpress\/wp-content\/uploads\/2017\/08\/4.jpg\" alt=\"\" width=\"440\" height=\"331\" srcset=\"https:\/\/www.aggertalersegelclub.de\/wordpress\/wp-content\/uploads\/2017\/08\/4.jpg 440w, https:\/\/www.aggertalersegelclub.de\/wordpress\/wp-content\/uploads\/2017\/08\/4-300x226.jpg 300w\" sizes=\"auto, (max-width: 440px) 100vw, 440px\" \/><p id=\"caption-attachment-4015\" class=\"wp-caption-text\">Bild: Olaf Gortat<\/p><\/div>\n","protected":false},"excerpt":{"rendered":"<p>Bericht \u00fcber die ASC-Segelfreizeit 2017 in den Niederlanden.<br \/>\nF\u00fcr mehr Infos klicken Sie bitte auf die \u00dcberschrift.<\/p>\n","protected":false},"author":2,"featured_media":0,"comment_status":"closed","ping_status":"closed","sticky":false,"template":"","format":"standard","meta":{"ngg_post_thumbnail":0,"footnotes":"","_links_to":"","_links_to_target":""},"categories":[5,3],"tags":[],"class_list":["post-4012","post","type-post","status-publish","format-standard","hentry","category-jugend","category-news"],"_links":{"self":[{"href":"https:\/\/www.aggertalersegelclub.de\/index.php?rest_route=\/wp\/v2\/posts\/4012","targetHints":{"allow":["GET"]}}],"collection":[{"href":"https:\/\/www.aggertalersegelclub.de\/index.php?rest_route=\/wp\/v2\/posts"}],"about":[{"href":"https:\/\/www.aggertalersegelclub.de\/index.php?rest_route=\/wp\/v2\/types\/post"}],"author":[{"embeddable":true,"href":"https:\/\/www.aggertalersegelclub.de\/index.php?rest_route=\/wp\/v2\/users\/2"}],"replies":[{"embeddable":true,"href":"https:\/\/www.aggertalersegelclub.de\/index.php?rest_route=%2Fwp%2Fv2%2Fcomments&post=4012"}],"version-history":[{"count":6,"href":"https:\/\/www.aggertalersegelclub.de\/index.php?rest_route=\/wp\/v2\/posts\/4012\/revisions"}],"predecessor-version":[{"id":4021,"href":"https:\/\/www.aggertalersegelclub.de\/index.php?rest_route=\/wp\/v2\/posts\/4012\/revisions\/4021"}],"wp:attachment":[{"href":"https:\/\/www.aggertalersegelclub.de\/index.php?rest_route=%2Fwp%2Fv2%2Fmedia&parent=4012"}],"wp:term":[{"taxonomy":"category","embeddable":true,"href":"https:\/\/www.aggertalersegelclub.de\/index.php?rest_route=%2Fwp%2Fv2%2Fcategories&post=4012"},{"taxonomy":"post_tag","embeddable":true,"href":"https:\/\/www.aggertalersegelclub.de\/index.php?rest_route=%2Fwp%2Fv2%2Ftags&post=4012"}],"curies":[{"name":"wp","href":"https:\/\/api.w.org\/{rel}","templated":true}]}}