{"id":3774,"date":"2017-02-22T22:52:09","date_gmt":"2017-02-22T20:52:09","guid":{"rendered":"http:\/\/www.aggertalersegelclub.de\/?p=3774"},"modified":"2017-02-22T22:53:04","modified_gmt":"2017-02-22T20:53:04","slug":"jugend-bereitet-neue-saison-vor","status":"publish","type":"post","link":"https:\/\/www.aggertalersegelclub.de\/?p=3774","title":{"rendered":"Jugend bereitet neue Saison vor"},"content":{"rendered":"<p>Am 18. Februar trafen sich 27 Kinder, Jugendliche, Eltern und Jugendwarte zur Jugendversammlung 2017. Die Jugendwarte berichteten \u00fcber die H\u00f6hepunkte der vergangenen Saison wie z.B. dem erfolgreichen J\u00fcngstensegelschein oder dem Seesegeln-Wochende in Friesland. Der Jugendmeister 2016 wurde erneut \u00fcber die Zahl der Regattateilnahmen sowie im Falle des dritten Platzes \u00fcber die Platzierung gek\u00fcrt. Nachdem kurz \u00fcber den Materialbestand berichtet wurde (keine Ver\u00e4nderung) ging es schon in die Planungen der neuen Saison. Sowohl der Jugendwart als auch der Beisitzer Sport und Jugend (&#8222;2. Jugendwart&#8220;) wurden gew\u00e4hlt bzw. der Jahreshauptversammlung vorgeschlagen. Michael Bilo wird erneut zwei Jahre als Jugendwart fungieren. Die Aufgaben von Dirk Makowski werden ab 2017 von Stefan Thiele \u00fcbernommen. Die Jugendversammlung dankt dem langj\u00e4hrigen Jugendwart Dirk f\u00fcr seinen Einsatz f\u00fcr die Jugendarbeit des ASC.<\/p>\n<p><img loading=\"lazy\" decoding=\"async\" class=\"alignleft size-full wp-image-3775\" src=\"http:\/\/www.aggertalersegelclub.de\/wordpress\/wp-content\/uploads\/2017\/02\/DSC01010.jpg\" alt=\"\" width=\"400\" height=\"267\" srcset=\"https:\/\/www.aggertalersegelclub.de\/wordpress\/wp-content\/uploads\/2017\/02\/DSC01010.jpg 400w, https:\/\/www.aggertalersegelclub.de\/wordpress\/wp-content\/uploads\/2017\/02\/DSC01010-300x200.jpg 300w\" sizes=\"auto, (max-width: 400px) 100vw, 400px\" \/><\/p>\n<p>Die Trainings- und Regattatermine sowie die Bootsverteilung der ASC-Jollen auf die Jugendmitglieder stehen fest. Insofern steht einer erfolgreichen Segelsaison nichts im Wege. Die Jugend freut sich nun auf den Termin des Auswinterns am 23. April.&nbsp;<\/p>\n","protected":false},"excerpt":{"rendered":"<p>Bericht \u00fcber die Jugendversammlung 2017.<br \/>\nF\u00fcr mehr Infos klicken Sie bitte auf die \u00dcberschrift.<\/p>\n","protected":false},"author":2,"featured_media":0,"comment_status":"closed","ping_status":"closed","sticky":false,"template":"","format":"standard","meta":{"ngg_post_thumbnail":0,"footnotes":"","_links_to":"","_links_to_target":""},"categories":[5],"tags":[],"class_list":["post-3774","post","type-post","status-publish","format-standard","hentry","category-jugend"],"_links":{"self":[{"href":"https:\/\/www.aggertalersegelclub.de\/index.php?rest_route=\/wp\/v2\/posts\/3774","targetHints":{"allow":["GET"]}}],"collection":[{"href":"https:\/\/www.aggertalersegelclub.de\/index.php?rest_route=\/wp\/v2\/posts"}],"about":[{"href":"https:\/\/www.aggertalersegelclub.de\/index.php?rest_route=\/wp\/v2\/types\/post"}],"author":[{"embeddable":true,"href":"https:\/\/www.aggertalersegelclub.de\/index.php?rest_route=\/wp\/v2\/users\/2"}],"replies":[{"embeddable":true,"href":"https:\/\/www.aggertalersegelclub.de\/index.php?rest_route=%2Fwp%2Fv2%2Fcomments&post=3774"}],"version-history":[{"count":3,"href":"https:\/\/www.aggertalersegelclub.de\/index.php?rest_route=\/wp\/v2\/posts\/3774\/revisions"}],"predecessor-version":[{"id":3778,"href":"https:\/\/www.aggertalersegelclub.de\/index.php?rest_route=\/wp\/v2\/posts\/3774\/revisions\/3778"}],"wp:attachment":[{"href":"https:\/\/www.aggertalersegelclub.de\/index.php?rest_route=%2Fwp%2Fv2%2Fmedia&parent=3774"}],"wp:term":[{"taxonomy":"category","embeddable":true,"href":"https:\/\/www.aggertalersegelclub.de\/index.php?rest_route=%2Fwp%2Fv2%2Fcategories&post=3774"},{"taxonomy":"post_tag","embeddable":true,"href":"https:\/\/www.aggertalersegelclub.de\/index.php?rest_route=%2Fwp%2Fv2%2Ftags&post=3774"}],"curies":[{"name":"wp","href":"https:\/\/api.w.org\/{rel}","templated":true}]}}