{"id":3707,"date":"2017-01-05T00:08:05","date_gmt":"2017-01-04T22:08:05","guid":{"rendered":"http:\/\/www.aggertalersegelclub.de\/?p=3707"},"modified":"2017-01-05T17:18:36","modified_gmt":"2017-01-05T15:18:36","slug":"fskb-vortrag-am-29-januar-einhand-um-den-atlantik","status":"publish","type":"post","link":"https:\/\/www.aggertalersegelclub.de\/?p=3707","title":{"rendered":"FSKB-Vortrag am 29. Januar: &#8222;3300 Meilen zu zweit von Japan nach Alaska&#8220;"},"content":{"rendered":"<p>Wir laden ein zum zweiten Vortrag der FSKB-Wintervortragsreihe am 29.&nbsp;Januar&nbsp;2017 um 16 Uhr im Clubhaus des YRCA. Stefan Thielenbein berichtet \u00fcber seinen T\u00f6rn mit einem 32 ft Segelboot durch den Nordpazifik unter dem Titel &#8222;3300 Meilen zu zweit von Japan nach Alaska&#8220;.<\/p>\n<p><img loading=\"lazy\" decoding=\"async\" class=\"aligncenter wp-image-3708\" src=\"http:\/\/www.aggertalersegelclub.de\/wordpress\/wp-content\/uploads\/2017\/01\/Bildschirmfoto-2017-01-04-um-23.01.31.png\" width=\"440\" height=\"370\" srcset=\"https:\/\/www.aggertalersegelclub.de\/wordpress\/wp-content\/uploads\/2017\/01\/Bildschirmfoto-2017-01-04-um-23.01.31.png 673w, https:\/\/www.aggertalersegelclub.de\/wordpress\/wp-content\/uploads\/2017\/01\/Bildschirmfoto-2017-01-04-um-23.01.31-300x252.png 300w\" sizes=\"auto, (max-width: 440px) 100vw, 440px\" \/><\/p>\n<p>Im Mai 2012 bricht der begeisterte Segler Stefan Thielebein nach Japan auf und l\u00e4sst sich mit einem befreundeten US-Amerikaner aus Alaska auf ein&nbsp;abenteuerliches Unternehmen ein. Das Ziel: Sie wollen auf der&nbsp;Segelyacht \u201eFreestyle\u201c (einer Westsail 32) 3300 Seemeilen ohne&nbsp;Zwischenstopp zur\u00fccklegen und schlie\u00dflich in Alaska anlegen.<\/p>\n<p>Nachdem sie die Reise mehrmals verschieben m\u00fcssen, weil in Japan Taifune w\u00fcten, starten die beiden Sportler am 27. Juni ihren T\u00f6rn. Vor ihnen liegt ein beschwerlicher Weg mit k\u00f6rperlichen und seelischen Herausforderungen.<\/p>\n<p>Mit Bildern, Videos und Tagebuchaufzeichnung nimmt Thielebein das Publikum mit auf die rei\u00dfenden Wellen des Nord-Pazifik.<\/p>\n<p>Ein Auszug aus Thielebeins Tagebuch:&nbsp;\u201eDie seit gestern Abend andauernden hohen Wellen sind nervenzerfetzend. Ein Geschaukel, wie es schlimmer nicht sein kann. Schlafen geht praktisch nicht mehr und die ganze Zeit muss man sich abst\u00fctzen und festhalten oder am besten festklammern.\u201c<\/p>\n<p>Mitrei\u00dfend und spannend erz\u00e4hlt Thielebein in seinem Vortrag von den H\u00fcrden und Gl\u00fccks- momenten, die ihm auf der Reise begegneten. Mit welchen Problemen und Schwierigkeiten hat man als Segler auf so einem T\u00f6rn zu rechnen und wie geht man damit um?<\/p>\n<p>Diese und weitere Fragen beantwortet Stefan Thielebein.<\/p>\n<p>Wir freuen uns auf Ihren Besuch! G\u00e4ste sind &#8211; wie immer &#8211; herzlich willkommen!<\/p>\n<p>Kein Kostenbeitrag.<\/p>\n","protected":false},"excerpt":{"rendered":"<p>FSKB-Vortrag am 29.01.2017 im YRCA-Clubhaus.<br \/>\nF\u00fcr mehr Infos klicken Sie bitte auf die \u00dcberschrift.<\/p>\n","protected":false},"author":2,"featured_media":0,"comment_status":"closed","ping_status":"closed","sticky":false,"template":"","format":"standard","meta":{"ngg_post_thumbnail":0,"footnotes":"","_links_to":"","_links_to_target":""},"categories":[4],"tags":[],"class_list":["post-3707","post","type-post","status-publish","format-standard","hentry","category-termine"],"_links":{"self":[{"href":"https:\/\/www.aggertalersegelclub.de\/index.php?rest_route=\/wp\/v2\/posts\/3707","targetHints":{"allow":["GET"]}}],"collection":[{"href":"https:\/\/www.aggertalersegelclub.de\/index.php?rest_route=\/wp\/v2\/posts"}],"about":[{"href":"https:\/\/www.aggertalersegelclub.de\/index.php?rest_route=\/wp\/v2\/types\/post"}],"author":[{"embeddable":true,"href":"https:\/\/www.aggertalersegelclub.de\/index.php?rest_route=\/wp\/v2\/users\/2"}],"replies":[{"embeddable":true,"href":"https:\/\/www.aggertalersegelclub.de\/index.php?rest_route=%2Fwp%2Fv2%2Fcomments&post=3707"}],"version-history":[{"count":6,"href":"https:\/\/www.aggertalersegelclub.de\/index.php?rest_route=\/wp\/v2\/posts\/3707\/revisions"}],"predecessor-version":[{"id":3712,"href":"https:\/\/www.aggertalersegelclub.de\/index.php?rest_route=\/wp\/v2\/posts\/3707\/revisions\/3712"}],"wp:attachment":[{"href":"https:\/\/www.aggertalersegelclub.de\/index.php?rest_route=%2Fwp%2Fv2%2Fmedia&parent=3707"}],"wp:term":[{"taxonomy":"category","embeddable":true,"href":"https:\/\/www.aggertalersegelclub.de\/index.php?rest_route=%2Fwp%2Fv2%2Fcategories&post=3707"},{"taxonomy":"post_tag","embeddable":true,"href":"https:\/\/www.aggertalersegelclub.de\/index.php?rest_route=%2Fwp%2Fv2%2Ftags&post=3707"}],"curies":[{"name":"wp","href":"https:\/\/api.w.org\/{rel}","templated":true}]}}