{"id":3689,"date":"2016-11-09T20:36:23","date_gmt":"2016-11-09T18:36:23","guid":{"rendered":"http:\/\/www.aggertalersegelclub.de\/?p=3689"},"modified":"2016-11-09T20:39:30","modified_gmt":"2016-11-09T18:39:30","slug":"asc-arbeitsdienst-am-19-november","status":"publish","type":"post","link":"https:\/\/www.aggertalersegelclub.de\/?p=3689","title":{"rendered":"ASC-Arbeitsdienst am 19. November"},"content":{"rendered":"<p><img loading=\"lazy\" decoding=\"async\" title=\"arbeitsdienst_alt\" src=\"http:\/\/www.aggertalersegelclub.de\/wordpress\/wp-content\/uploads\/2010\/02\/arbeitsdienst_alt.jpg\" alt=\"\" width=\"300\" height=\"225\"\/><\/p>\n<p>Liebe ASCler,<\/p>\n<p>am Samstag, 19.11.2016 ab 9:30 Uhr m\u00f6chten wir zu dem letzten Arbeitsdienst des Jahres (Ausschwimmen der Stege und Aufr\u00e4umen des Grillplatzes\/Gel\u00e4nde, etc.) einladen. Ben\u00f6tigt werden neben Arbeitshandschuhen, der Witterung entsprechend robuste Kleidung und Gummistiefel.<\/p>\n<p>Grillgut und ein k\u00fchles Blondes zu St\u00e4rkung nach getaner Arbeit werden zur Verf\u00fcgung gestellt.<\/p>\n<p>Alle ASCler sind recht herzlich eingeladen, an dem letzten Dienst im Jahr teilzunehmen.<\/p>\n<p>Danach ist die Wassersaison offiziell beendet und ein betreten der Stege ist nicht mehr m\u00f6glich.<\/p>\n<p>Mit freundlichem Gru\u00df<br \/>\nDer Vorstand<\/p>\n","protected":false},"excerpt":{"rendered":"<p>Einladung zum Arbeitsdienst am 19.11.2016!<br \/>\nF\u00fcr mehr Infos klicken Sie bitte auf die \u00dcberschrift.<\/p>\n","protected":false},"author":2,"featured_media":0,"comment_status":"closed","ping_status":"closed","sticky":false,"template":"","format":"standard","meta":{"ngg_post_thumbnail":0,"footnotes":"","_links_to":"","_links_to_target":""},"categories":[4],"tags":[],"class_list":["post-3689","post","type-post","status-publish","format-standard","hentry","category-termine"],"_links":{"self":[{"href":"https:\/\/www.aggertalersegelclub.de\/index.php?rest_route=\/wp\/v2\/posts\/3689","targetHints":{"allow":["GET"]}}],"collection":[{"href":"https:\/\/www.aggertalersegelclub.de\/index.php?rest_route=\/wp\/v2\/posts"}],"about":[{"href":"https:\/\/www.aggertalersegelclub.de\/index.php?rest_route=\/wp\/v2\/types\/post"}],"author":[{"embeddable":true,"href":"https:\/\/www.aggertalersegelclub.de\/index.php?rest_route=\/wp\/v2\/users\/2"}],"replies":[{"embeddable":true,"href":"https:\/\/www.aggertalersegelclub.de\/index.php?rest_route=%2Fwp%2Fv2%2Fcomments&post=3689"}],"version-history":[{"count":3,"href":"https:\/\/www.aggertalersegelclub.de\/index.php?rest_route=\/wp\/v2\/posts\/3689\/revisions"}],"predecessor-version":[{"id":3855,"href":"https:\/\/www.aggertalersegelclub.de\/index.php?rest_route=\/wp\/v2\/posts\/3689\/revisions\/3855"}],"wp:attachment":[{"href":"https:\/\/www.aggertalersegelclub.de\/index.php?rest_route=%2Fwp%2Fv2%2Fmedia&parent=3689"}],"wp:term":[{"taxonomy":"category","embeddable":true,"href":"https:\/\/www.aggertalersegelclub.de\/index.php?rest_route=%2Fwp%2Fv2%2Fcategories&post=3689"},{"taxonomy":"post_tag","embeddable":true,"href":"https:\/\/www.aggertalersegelclub.de\/index.php?rest_route=%2Fwp%2Fv2%2Ftags&post=3689"}],"curies":[{"name":"wp","href":"https:\/\/api.w.org\/{rel}","templated":true}]}}