{"id":3685,"date":"2016-10-30T23:37:44","date_gmt":"2016-10-30T21:37:44","guid":{"rendered":"http:\/\/www.aggertalersegelclub.de\/?p=3685"},"modified":"2016-10-30T23:37:44","modified_gmt":"2016-10-30T21:37:44","slug":"saisonabschluss-der-jugendabteilung","status":"publish","type":"post","link":"https:\/\/www.aggertalersegelclub.de\/?p=3685","title":{"rendered":"Saisonabschluss der Jugendabteilung"},"content":{"rendered":"<p>Am 22. Oktober trafen sich fast alle aktiven Kinder und Jugendliche des ASC sowie deren Eltern zum Einwintern der Jugendboote. Unter dem Motto \u201ewer segeln will muss arbeiten\u201c wurden alle Boote gereinigt, abgeriggt, zur Feststellung m\u00f6glicher Sch\u00e4den begutachtet und anschlie\u00dfend ins ihr jeweiliges Winterlager verbracht.<\/p>\n<p>Das Material wurde auf Vollst\u00e4ndigkeit \u00fcberpr\u00fcft und die Segel gerollt. W\u00e4hrend die Optis und der Laser in der ASC-Garage auf die neue Segelsaison warten, wurden die drei 420er zum Sch\u00fctzenheim nach Olpe gefahren. Dank aktiver Zusammenarbeit waren alle Arbeiten schon am fr\u00fchen Nachmittag erledigt.<\/p>\n<p>Der Wehmut der jetzt vergangenen Saison vermischt sich mit Vorfreude auf das, was kommt. Mast- und Schotbruch!<\/p>\n","protected":false},"excerpt":{"rendered":"<p>Bericht zum Saisonabschluss der ASC-Jugendabteilung.<br \/>\nF\u00fcr mehr Infos klicken Sie bitte auf die \u00dcberschrift.<\/p>\n","protected":false},"author":2,"featured_media":0,"comment_status":"closed","ping_status":"closed","sticky":false,"template":"","format":"standard","meta":{"ngg_post_thumbnail":0,"footnotes":"","_links_to":"","_links_to_target":""},"categories":[5],"tags":[],"class_list":["post-3685","post","type-post","status-publish","format-standard","hentry","category-jugend"],"_links":{"self":[{"href":"https:\/\/www.aggertalersegelclub.de\/index.php?rest_route=\/wp\/v2\/posts\/3685","targetHints":{"allow":["GET"]}}],"collection":[{"href":"https:\/\/www.aggertalersegelclub.de\/index.php?rest_route=\/wp\/v2\/posts"}],"about":[{"href":"https:\/\/www.aggertalersegelclub.de\/index.php?rest_route=\/wp\/v2\/types\/post"}],"author":[{"embeddable":true,"href":"https:\/\/www.aggertalersegelclub.de\/index.php?rest_route=\/wp\/v2\/users\/2"}],"replies":[{"embeddable":true,"href":"https:\/\/www.aggertalersegelclub.de\/index.php?rest_route=%2Fwp%2Fv2%2Fcomments&post=3685"}],"version-history":[{"count":2,"href":"https:\/\/www.aggertalersegelclub.de\/index.php?rest_route=\/wp\/v2\/posts\/3685\/revisions"}],"predecessor-version":[{"id":3687,"href":"https:\/\/www.aggertalersegelclub.de\/index.php?rest_route=\/wp\/v2\/posts\/3685\/revisions\/3687"}],"wp:attachment":[{"href":"https:\/\/www.aggertalersegelclub.de\/index.php?rest_route=%2Fwp%2Fv2%2Fmedia&parent=3685"}],"wp:term":[{"taxonomy":"category","embeddable":true,"href":"https:\/\/www.aggertalersegelclub.de\/index.php?rest_route=%2Fwp%2Fv2%2Fcategories&post=3685"},{"taxonomy":"post_tag","embeddable":true,"href":"https:\/\/www.aggertalersegelclub.de\/index.php?rest_route=%2Fwp%2Fv2%2Ftags&post=3685"}],"curies":[{"name":"wp","href":"https:\/\/api.w.org\/{rel}","templated":true}]}}