{"id":3677,"date":"2016-10-20T16:50:31","date_gmt":"2016-10-20T14:50:31","guid":{"rendered":"http:\/\/www.aggertalersegelclub.de\/?p=3677"},"modified":"2016-10-20T16:50:31","modified_gmt":"2016-10-20T14:50:31","slug":"fskb-vortrag-am-6-november-einhand-um-den-atlantik","status":"publish","type":"post","link":"https:\/\/www.aggertalersegelclub.de\/?p=3677","title":{"rendered":"FSKB-Vortrag am 6. November: &#8222;Einhand um den Atlantik&#8220;"},"content":{"rendered":"<p>Wir laden ein zum ersten Vortrag der FSKB-Wintervortragsreihe am 06.November 2016 um 16 Uhr. Traditionell beginnt die Vortragsreihe im Clubhaus des ASC\/WSVB. Guido Dwersteg berichtet \u00fcber seine Einhand-Atlantikumrundung mit einer BAVARIA 32 unter dem Titel &#8222;Einhand um den Atlantik &#8211;\u00a0146 Seetage \u00a0&#8211; 11.000 Seemeilen &#8211; 1 Segler&#8220;.<\/p>\n<p>Wir erfahren seine Tr\u00e4ume, die Vorbereitungen und die Erlebnisse seiner Reise.Er nimmt uns mit auf seiner Route vom Ijsselmeer \u00fcber die Canaren \u2013 Kapverden in die Karibik und \u00fcber die Azoren zur\u00fcck.<\/p>\n<p><img loading=\"lazy\" decoding=\"async\" class=\"alignleft wp-image-3680\" src=\"http:\/\/www.aggertalersegelclub.de\/wordpress\/wp-content\/uploads\/2016\/10\/Bildschirmfoto-2016-10-20-um-16.47.37.png\" alt=\"bildschirmfoto-2016-10-20-um-16-47-37\" width=\"449\" height=\"426\" srcset=\"https:\/\/www.aggertalersegelclub.de\/wordpress\/wp-content\/uploads\/2016\/10\/Bildschirmfoto-2016-10-20-um-16.47.37.png 574w, https:\/\/www.aggertalersegelclub.de\/wordpress\/wp-content\/uploads\/2016\/10\/Bildschirmfoto-2016-10-20-um-16.47.37-300x284.png 300w\" sizes=\"auto, (max-width: 449px) 100vw, 449px\" \/><\/p>\n<p>Gerade einmal 5 Jahre hatte der Koblenzer Guido Dwersteg seinen ersten Segelschein in der Tasche, als er im Februar 2012 mit seinem 10 Meter langen Segelboot \u201eCarpe Diem\u201c zu einer Atlantikrunde in See stach.\u00a0Vor ihm lagen \u00fcber 11.000 Seemeilen entlang den europ\u00e4ischen K\u00fcsten zu den Kanaren, \u00fcber die Kapverdischen Inseln in die Karibik und anschlie\u00dfend via Azoren zur\u00fcck nach Europa.\u00a0Und das alles v\u00f6llig alleine \u00a0 also \u201eEinhand\u201c.<\/p>\n<p>Insgesamt zweieinhalb Jahre war der Einhandsegler mit seiner \u201eCarpe Diem\u201c unterwegs und hat dabei nat\u00fcrlich einiges er- und durchlebt. \u00dcber seine Erlebnisse, die Reise selbst aber auch deren Vorbereitung berichtet Guido Dwersteg nun im Rahmen eines etwa zweist\u00fcndigen Multimedia- Vortrags.<\/p>\n<p>Der Vortrag umfasst dabei neben zahlreichen Bildern und Video- Einspielern auch viele Anekdoten aus dem t\u00e4glichen Bordleben. Im Anschlu\u00df steht der Segler gerne f\u00fcr Gespr\u00e4che und Fragen zur Verf\u00fcgung<\/p>\n<p>Wir freuen uns auf Ihren Besuch! G\u00e4ste sind &#8211; wie immer &#8211; herzlich willkommen!<\/p>\n<p>Kein Kostenbeitrag.<\/p>\n","protected":false},"excerpt":{"rendered":"<p>FSKB-Vortrag am 06.11.2016 im ASC\/WSVB-Clubhaus.<br \/>\nF\u00fcr mehr Infos klicken Sie bitte auf die \u00dcberschrift.<\/p>\n","protected":false},"author":2,"featured_media":0,"comment_status":"closed","ping_status":"closed","sticky":false,"template":"","format":"standard","meta":{"ngg_post_thumbnail":0,"footnotes":"","_links_to":"","_links_to_target":""},"categories":[4],"tags":[],"class_list":["post-3677","post","type-post","status-publish","format-standard","hentry","category-termine"],"_links":{"self":[{"href":"https:\/\/www.aggertalersegelclub.de\/index.php?rest_route=\/wp\/v2\/posts\/3677","targetHints":{"allow":["GET"]}}],"collection":[{"href":"https:\/\/www.aggertalersegelclub.de\/index.php?rest_route=\/wp\/v2\/posts"}],"about":[{"href":"https:\/\/www.aggertalersegelclub.de\/index.php?rest_route=\/wp\/v2\/types\/post"}],"author":[{"embeddable":true,"href":"https:\/\/www.aggertalersegelclub.de\/index.php?rest_route=\/wp\/v2\/users\/2"}],"replies":[{"embeddable":true,"href":"https:\/\/www.aggertalersegelclub.de\/index.php?rest_route=%2Fwp%2Fv2%2Fcomments&post=3677"}],"version-history":[{"count":5,"href":"https:\/\/www.aggertalersegelclub.de\/index.php?rest_route=\/wp\/v2\/posts\/3677\/revisions"}],"predecessor-version":[{"id":3683,"href":"https:\/\/www.aggertalersegelclub.de\/index.php?rest_route=\/wp\/v2\/posts\/3677\/revisions\/3683"}],"wp:attachment":[{"href":"https:\/\/www.aggertalersegelclub.de\/index.php?rest_route=%2Fwp%2Fv2%2Fmedia&parent=3677"}],"wp:term":[{"taxonomy":"category","embeddable":true,"href":"https:\/\/www.aggertalersegelclub.de\/index.php?rest_route=%2Fwp%2Fv2%2Fcategories&post=3677"},{"taxonomy":"post_tag","embeddable":true,"href":"https:\/\/www.aggertalersegelclub.de\/index.php?rest_route=%2Fwp%2Fv2%2Ftags&post=3677"}],"curies":[{"name":"wp","href":"https:\/\/api.w.org\/{rel}","templated":true}]}}