{"id":3638,"date":"2016-09-12T11:52:00","date_gmt":"2016-09-12T09:52:00","guid":{"rendered":"http:\/\/www.aggertalersegelclub.de\/?p=3638"},"modified":"2016-09-12T11:54:19","modified_gmt":"2016-09-12T09:54:19","slug":"einladung-zum-asc-absegeln-2","status":"publish","type":"post","link":"https:\/\/www.aggertalersegelclub.de\/?p=3638","title":{"rendered":"Einladung zum ASC Absegeln"},"content":{"rendered":"<p>Liebe Segler\/-innen, Freunde und G\u00e4ste des ASC,<\/p>\n<p>auf Grund einer Terminkollision und um allen Regattaseglern die Teilnahme an der \u201ePannenkl\u00f6pper\u201c Regatta des WSVB am 24.09.2016 zu erm\u00f6glichen,\u00a0verlegen\u00a0wir unser geplantes\u00a0\u00a0Absegeln\u00a0auf den Samstag,\u00a001. Oktober 2016. Bitte merkt euch den Termin vor!<\/p>\n<p>Treffpunkt ist um 14.00 Uhr an unserem Flaggenmast.<\/p>\n<p>Bevor es zum gem\u00fctlichen Segeln (ca. 15:00 Uhr) geht, wollen wir uns bei einem kleinen Imbiss st\u00e4rken. Im Anschluss, an das gemeinsame Segeln, gehen wir zum geselligen Saisonausklang bei leckerem Grillgut und Getr\u00e4nken \u00fcber.\u00a0\u00dcber kulinarische Spenden, die unseren Grillabend bereichern, freuen wir uns sehr.<\/p>\n<p>F\u00fcr eine optimale Planung bitten wir um eine\u00a0kurze R\u00fcckmeldung\u00a0bis zum\u00a028. September 2016\u00a0bei\u00a0<a href=\"mailto:jens.birkholz@web.de\">Jens Birkholz<\/a>.\u00a0Eine kurze R\u00fcckmeldung wird ebenfalls erbeten, wenn Ihr nur zum abendlichen Grillen kommt.<\/p>\n<p>Wir freuen uns auf ein sch\u00f6nes Absegeln, bei hoffentlich gutem Wetter und einer gro\u00dfen Beteiligung.<\/p>\n<p>Mit freundlichen Gr\u00fc\u00dfen<\/p>\n<p>Der Vorstand<\/p>\n<p><img loading=\"lazy\" decoding=\"async\" class=\"alignleft wp-image-3639\" src=\"http:\/\/www.aggertalersegelclub.de\/wordpress\/wp-content\/uploads\/2016\/09\/Bildschirmfoto-2016-09-12-um-11.49.56.png\" alt=\"bildschirmfoto-2016-09-12-um-11-49-56\" width=\"450\" height=\"640\" srcset=\"https:\/\/www.aggertalersegelclub.de\/wordpress\/wp-content\/uploads\/2016\/09\/Bildschirmfoto-2016-09-12-um-11.49.56.png 685w, https:\/\/www.aggertalersegelclub.de\/wordpress\/wp-content\/uploads\/2016\/09\/Bildschirmfoto-2016-09-12-um-11.49.56-211x300.png 211w\" sizes=\"auto, (max-width: 450px) 100vw, 450px\" \/><\/p>\n","protected":false},"excerpt":{"rendered":"<p>Einladung zum ASC-Absegeln.<br \/>\nF\u00fcr mehr Infos klicken Sie bitte auf die \u00dcberschrift.<\/p>\n","protected":false},"author":2,"featured_media":0,"comment_status":"closed","ping_status":"closed","sticky":false,"template":"","format":"standard","meta":{"ngg_post_thumbnail":0,"footnotes":"","_links_to":"","_links_to_target":""},"categories":[4],"tags":[],"class_list":["post-3638","post","type-post","status-publish","format-standard","hentry","category-termine"],"_links":{"self":[{"href":"https:\/\/www.aggertalersegelclub.de\/index.php?rest_route=\/wp\/v2\/posts\/3638","targetHints":{"allow":["GET"]}}],"collection":[{"href":"https:\/\/www.aggertalersegelclub.de\/index.php?rest_route=\/wp\/v2\/posts"}],"about":[{"href":"https:\/\/www.aggertalersegelclub.de\/index.php?rest_route=\/wp\/v2\/types\/post"}],"author":[{"embeddable":true,"href":"https:\/\/www.aggertalersegelclub.de\/index.php?rest_route=\/wp\/v2\/users\/2"}],"replies":[{"embeddable":true,"href":"https:\/\/www.aggertalersegelclub.de\/index.php?rest_route=%2Fwp%2Fv2%2Fcomments&post=3638"}],"version-history":[{"count":5,"href":"https:\/\/www.aggertalersegelclub.de\/index.php?rest_route=\/wp\/v2\/posts\/3638\/revisions"}],"predecessor-version":[{"id":4050,"href":"https:\/\/www.aggertalersegelclub.de\/index.php?rest_route=\/wp\/v2\/posts\/3638\/revisions\/4050"}],"wp:attachment":[{"href":"https:\/\/www.aggertalersegelclub.de\/index.php?rest_route=%2Fwp%2Fv2%2Fmedia&parent=3638"}],"wp:term":[{"taxonomy":"category","embeddable":true,"href":"https:\/\/www.aggertalersegelclub.de\/index.php?rest_route=%2Fwp%2Fv2%2Fcategories&post=3638"},{"taxonomy":"post_tag","embeddable":true,"href":"https:\/\/www.aggertalersegelclub.de\/index.php?rest_route=%2Fwp%2Fv2%2Ftags&post=3638"}],"curies":[{"name":"wp","href":"https:\/\/api.w.org\/{rel}","templated":true}]}}