{"id":3293,"date":"2016-06-10T08:54:51","date_gmt":"2016-06-10T06:54:51","guid":{"rendered":"http:\/\/www.aggertalersegelclub.de\/?p=3293"},"modified":"2016-06-10T08:55:36","modified_gmt":"2016-06-10T06:55:36","slug":"segelfreizeit-der-asc-jugend-in-koudum","status":"publish","type":"post","link":"https:\/\/www.aggertalersegelclub.de\/?p=3293","title":{"rendered":"Segelfreizeit der ASC-Jugend in Koudum"},"content":{"rendered":"<p>Die diesj\u00e4hrige Segelfreizeit f\u00fchrte einen Teil unserer Optimisten-Flotte in die Niederlande, genauer nach Koudum in Friesland. In Zusammenarbeit mit der Segelschule &#8222;Sailing.NRW&#8220; nutzten wir das lange Wochenende \u00fcber Fronleichnam, um unsere Opti-Segler behutsam an gr\u00f6\u00dfere Segelreviere und lange Segelschl\u00e4ge heran zu f\u00fchren. Nachdem Boote und Zubeh\u00f6r verpackt waren, ging es mit 5 Kindern, 6 Erwachsenen und Bordhund am 25. Mai auf die Reise.<\/p>\n<p><a href=\"http:\/\/www.aggertalersegelclub.de\/wordpress\/wp-content\/uploads\/2016\/06\/1.jpg\"><img loading=\"lazy\" decoding=\"async\" class=\"alignleft wp-image-3294\" src=\"http:\/\/www.aggertalersegelclub.de\/wordpress\/wp-content\/uploads\/2016\/06\/1.jpg\" alt=\"1\" width=\"420\" height=\"315\" srcset=\"https:\/\/www.aggertalersegelclub.de\/wordpress\/wp-content\/uploads\/2016\/06\/1.jpg 1280w, https:\/\/www.aggertalersegelclub.de\/wordpress\/wp-content\/uploads\/2016\/06\/1-300x225.jpg 300w, https:\/\/www.aggertalersegelclub.de\/wordpress\/wp-content\/uploads\/2016\/06\/1-768x575.jpg 768w, https:\/\/www.aggertalersegelclub.de\/wordpress\/wp-content\/uploads\/2016\/06\/1-1024x767.jpg 1024w\" sizes=\"auto, (max-width: 420px) 100vw, 420px\" \/><\/a><\/p>\n<p>Zus\u00e4tzlich trafen in Friesland Abraham und Kai von Sailing.NRW zur ASC-Gruppe, um unsere Jugend auch sicher auf Motorbooten zu begleiten.<\/p>\n<p>Die Unterbringung im Ferienpark &#8222;de Kuilart&#8220; war optimal, so dass wir unsere Boote samt Zubeh\u00f6r jeden Abend unmittelbar an unseren &#8222;Luxux-Bungalows&#8220; sicher aufbewahren konnten.<\/p>\n<p><a href=\"http:\/\/www.aggertalersegelclub.de\/wordpress\/wp-content\/uploads\/2016\/06\/2.jpg\"><img loading=\"lazy\" decoding=\"async\" class=\"alignleft wp-image-3295\" src=\"http:\/\/www.aggertalersegelclub.de\/wordpress\/wp-content\/uploads\/2016\/06\/2.jpg\" alt=\"2\" width=\"420\" height=\"315\" srcset=\"https:\/\/www.aggertalersegelclub.de\/wordpress\/wp-content\/uploads\/2016\/06\/2.jpg 1280w, https:\/\/www.aggertalersegelclub.de\/wordpress\/wp-content\/uploads\/2016\/06\/2-300x225.jpg 300w, https:\/\/www.aggertalersegelclub.de\/wordpress\/wp-content\/uploads\/2016\/06\/2-768x577.jpg 768w, https:\/\/www.aggertalersegelclub.de\/wordpress\/wp-content\/uploads\/2016\/06\/2-1024x769.jpg 1024w\" sizes=\"auto, (max-width: 420px) 100vw, 420px\" \/><\/a><\/p>\n<p>Auch das Wetter spielte optimal mit, weil am ersten Segeltag an Fronleichnam der Wind noch sehr m\u00e4\u00dfig wehte. Das gab Kindern und Betreuern die Gelegenheit sich mit Booten und Revier langsam vertraut zu machen und auch einmal die in diesem Revier wichtige Fertigkeit des &#8222;Opti-Schlepp-Verbands&#8220; zu \u00fcben.<\/p>\n<p><a href=\"http:\/\/www.aggertalersegelclub.de\/wordpress\/wp-content\/uploads\/2016\/06\/3.jpg\"><img loading=\"lazy\" decoding=\"async\" class=\"alignleft wp-image-3296\" src=\"http:\/\/www.aggertalersegelclub.de\/wordpress\/wp-content\/uploads\/2016\/06\/3.jpg\" alt=\"3\" width=\"420\" height=\"420\" srcset=\"https:\/\/www.aggertalersegelclub.de\/wordpress\/wp-content\/uploads\/2016\/06\/3.jpg 1024w, https:\/\/www.aggertalersegelclub.de\/wordpress\/wp-content\/uploads\/2016\/06\/3-150x150.jpg 150w, https:\/\/www.aggertalersegelclub.de\/wordpress\/wp-content\/uploads\/2016\/06\/3-300x300.jpg 300w, https:\/\/www.aggertalersegelclub.de\/wordpress\/wp-content\/uploads\/2016\/06\/3-768x768.jpg 768w\" sizes=\"auto, (max-width: 420px) 100vw, 420px\" \/><\/a><\/p>\n<p>Am Freitag wehte es frischer und wir konnten uns schon auf ein gr\u00f6\u00dferes Revier wagen. Am Samstag war es dann so weit: Die Langfahrt f\u00fchrte die Optis (ach ja &#8211; da war auch noch ein Polyvalken mit V\u00e4tern dabei!!) auf die Kreuz zu einer Insel auf dem &#8222;Fluessen&#8220;. Ein nachmitt\u00e4gliches Gewitter mit kr\u00e4ftigem Regen passte gut in die Mittagspause, die wir auf der Insel verbrachten. Vor dem Wind rutschten wir dann relativ schnell in unseren Ferienpark zur\u00fcck, wo wir wie jeden Abend den Tag gem\u00fctlich ausklingen lie\u00dfen.<\/p>\n<p><a href=\"http:\/\/www.aggertalersegelclub.de\/wordpress\/wp-content\/uploads\/2016\/06\/5.jpg\"><img loading=\"lazy\" decoding=\"async\" class=\"alignleft wp-image-3297\" src=\"http:\/\/www.aggertalersegelclub.de\/wordpress\/wp-content\/uploads\/2016\/06\/5.jpg\" alt=\"5\" width=\"420\" height=\"315\" srcset=\"https:\/\/www.aggertalersegelclub.de\/wordpress\/wp-content\/uploads\/2016\/06\/5.jpg 1280w, https:\/\/www.aggertalersegelclub.de\/wordpress\/wp-content\/uploads\/2016\/06\/5-300x225.jpg 300w, https:\/\/www.aggertalersegelclub.de\/wordpress\/wp-content\/uploads\/2016\/06\/5-768x577.jpg 768w, https:\/\/www.aggertalersegelclub.de\/wordpress\/wp-content\/uploads\/2016\/06\/5-1024x769.jpg 1024w\" sizes=\"auto, (max-width: 420px) 100vw, 420px\" \/><\/a><\/p>\n<p>Der Tag der Abfahrt, Sonntag, der 29. Mai, wurde zur Verbesserung der Schwimmf\u00e4higkeiten (Kinder) und zum Packen und S\u00e4ubern der Bungalows (Eltern) genutzt. Die R\u00fcckreise verlief bei allen trotz erheblicher Stauwarnungen relativ entspannt und komplikationslos.<\/p>\n<p>Alle Teilnehmer waren sich einig, dass wir eine tolle Zeit hatten, in der die Optisegler nat\u00fcrlich ihre F\u00e4higkeiten sehr deutlich verbessern konnten, in der wir aber auch sehr viel Spa\u00df miteinander hatten. Allen Teilnehmern herzlichen Dank f\u00fcr die aktive Unterst\u00fctzung der Ma\u00dfnahme und Sailing.NRW f\u00fcr die organisatorische und seglerische Durchf\u00fchrung! Fazit? Das machen wir nochmals!<\/p>\n<p><a href=\"http:\/\/www.aggertalersegelclub.de\/wordpress\/wp-content\/uploads\/2016\/06\/6.jpg\"><img loading=\"lazy\" decoding=\"async\" class=\"alignleft wp-image-3298\" src=\"http:\/\/www.aggertalersegelclub.de\/wordpress\/wp-content\/uploads\/2016\/06\/6.jpg\" alt=\"6\" width=\"420\" height=\"315\" srcset=\"https:\/\/www.aggertalersegelclub.de\/wordpress\/wp-content\/uploads\/2016\/06\/6.jpg 1280w, https:\/\/www.aggertalersegelclub.de\/wordpress\/wp-content\/uploads\/2016\/06\/6-300x225.jpg 300w, https:\/\/www.aggertalersegelclub.de\/wordpress\/wp-content\/uploads\/2016\/06\/6-768x577.jpg 768w, https:\/\/www.aggertalersegelclub.de\/wordpress\/wp-content\/uploads\/2016\/06\/6-1024x769.jpg 1024w\" sizes=\"auto, (max-width: 420px) 100vw, 420px\" \/><\/a><\/p>\n","protected":false},"excerpt":{"rendered":"<p>Bericht von M. Bilo \u00fcber die diesj\u00e4hrige Segelfreizeit der ASC-Jugend.<br \/>\nF\u00fcr mehr Infos klicken Sie bitte auf die \u00dcberschrift.<\/p>\n","protected":false},"author":2,"featured_media":0,"comment_status":"closed","ping_status":"closed","sticky":false,"template":"","format":"standard","meta":{"ngg_post_thumbnail":0,"footnotes":"","_links_to":"","_links_to_target":""},"categories":[1,5],"tags":[],"class_list":["post-3293","post","type-post","status-publish","format-standard","hentry","category-allgemein","category-jugend"],"_links":{"self":[{"href":"https:\/\/www.aggertalersegelclub.de\/index.php?rest_route=\/wp\/v2\/posts\/3293","targetHints":{"allow":["GET"]}}],"collection":[{"href":"https:\/\/www.aggertalersegelclub.de\/index.php?rest_route=\/wp\/v2\/posts"}],"about":[{"href":"https:\/\/www.aggertalersegelclub.de\/index.php?rest_route=\/wp\/v2\/types\/post"}],"author":[{"embeddable":true,"href":"https:\/\/www.aggertalersegelclub.de\/index.php?rest_route=\/wp\/v2\/users\/2"}],"replies":[{"embeddable":true,"href":"https:\/\/www.aggertalersegelclub.de\/index.php?rest_route=%2Fwp%2Fv2%2Fcomments&post=3293"}],"version-history":[{"count":5,"href":"https:\/\/www.aggertalersegelclub.de\/index.php?rest_route=\/wp\/v2\/posts\/3293\/revisions"}],"predecessor-version":[{"id":3302,"href":"https:\/\/www.aggertalersegelclub.de\/index.php?rest_route=\/wp\/v2\/posts\/3293\/revisions\/3302"}],"wp:attachment":[{"href":"https:\/\/www.aggertalersegelclub.de\/index.php?rest_route=%2Fwp%2Fv2%2Fmedia&parent=3293"}],"wp:term":[{"taxonomy":"category","embeddable":true,"href":"https:\/\/www.aggertalersegelclub.de\/index.php?rest_route=%2Fwp%2Fv2%2Fcategories&post=3293"},{"taxonomy":"post_tag","embeddable":true,"href":"https:\/\/www.aggertalersegelclub.de\/index.php?rest_route=%2Fwp%2Fv2%2Ftags&post=3293"}],"curies":[{"name":"wp","href":"https:\/\/api.w.org\/{rel}","templated":true}]}}