{"id":3232,"date":"2016-01-23T22:10:22","date_gmt":"2016-01-23T20:10:22","guid":{"rendered":"http:\/\/www.aggertalersegelclub.de\/?p=3232"},"modified":"2016-01-23T22:11:42","modified_gmt":"2016-01-23T20:11:42","slug":"aenderung-fskb-vortrag-am-31-januar-unter-segeln-bis-ans-ende-der-welt-von-den-kanaren-ueber-brasilien-feuerland-zur-antarktis","status":"publish","type":"post","link":"https:\/\/www.aggertalersegelclub.de\/?p=3232","title":{"rendered":"\u00c4nderung FSKB-Vortrag am 31. Januar: \u201eUnter Segeln bis ans Ende der Welt. Von den Kanaren \u00fcber Brasilien \u2013 Feuerland zur Antarktis.&#8220;"},"content":{"rendered":"<p>Der f\u00fcr den 31. Januar 2016 um 16 Uhr im YCL vorgesehene Vortrag von\u00a0Stefan Thielebein &#8222;3300 Meilen zu zweit von Japan nach Alaska&#8220;\u00a0kann leider nicht stattfinden.<\/p>\n<p>Der Vortragende ist z.Z. auf\u00a0 einem \u00dcberf\u00fchrungst\u00f6rin\u00a0von Agde (S\u00fcdfrankreich) nach Malta und zur\u00fcck.\u00a0Auf Grund einer widrigen Wetterlage musste der Start um eine Woche\u00a0verschoben werden und damit ist nicht gesichert, dass er rechtzeitig \u00a0hier sein kann.\u00a0Trotz der kurzen Dispositionszeit ist es gelungen einen anderen\u00a0interessanten Vortragenden zu gewinnen.<\/p>\n<p>Jan\u00a0Christoph Athenst\u00e4dt\u00a0 ist begeisterter Mitsegler auf Traditionsschiffen\u00a0und segelte als Bootsmann oder stellvertretender\u00a0 Steuermann auf verschiedenen-Schiffen.<\/p>\n<p>Er berichtet \u00fcber eine Reise auf der Bark \u201eEUROPA\u201c unter dem Titel: \u201eUnter Segeln bis ans Ende der Welt.\u00a0Von den Kanaren \u00fcber Brasilien \u2013 Feuerland zur Antarktis.&#8220;<\/p>\n<p><img loading=\"lazy\" decoding=\"async\" class=\"alignleft wp-image-3233\" src=\"http:\/\/www.aggertalersegelclub.de\/wordpress\/wp-content\/uploads\/2016\/01\/Bildschirmfoto-2016-01-23-um-21.08.13.png\" alt=\"Bildschirmfoto 2016-01-23 um 21.08.13\" width=\"450\" height=\"377\" srcset=\"https:\/\/www.aggertalersegelclub.de\/wordpress\/wp-content\/uploads\/2016\/01\/Bildschirmfoto-2016-01-23-um-21.08.13.png 511w, https:\/\/www.aggertalersegelclub.de\/wordpress\/wp-content\/uploads\/2016\/01\/Bildschirmfoto-2016-01-23-um-21.08.13-300x251.png 300w\" sizes=\"auto, (max-width: 450px) 100vw, 450px\" \/><\/p>\n<p>\u201eInspiriert von Jack London, Herman Melville und Robert Louis Stevenson tr\u00e4umte ich von Ozean\u00fcberquerungen und Schatzinseln, w\u00e4hrend ich als Kind in der Bretagne und in Friesland das Segeln lernte. W\u00e4hrend Oberstufe\u00a0und Studium traten dann andere Projekte in den Vordergrund, aber der Traum von der romantischen Freiheit auf See blieb.<\/p>\n<p>Bis ich ihn im Anschluss an ein Studienjahr in Seattle Realit\u00e4t werden lie\u00df: als Praktikant auf dem Gaffelschoner Zodiac. Mit dem Tradi-Segler-Virus infiziert trat ich, zur\u00fcck in Deutschland, der Stammcrew der Brigg\u00a0Roald Amundsen bei. Nach weiteren Semesterferien als Bootsmann und stellvertretender Steuermann auf dem Schoner Zodiac arbeitete ich 2012\u00a0f\u00fcr drei Monate auf der niederl\u00e4ndischen Bark Europa. So erf\u00fcllte ich meinen\u00a0Kindheitstraum von der Atlantik\u00fcberquerung und segelte sogar noch weiter in die Antarktis, bis ans Ende der Welt.<\/p>\n<p>In diesem Vortrag berichtet Athenst\u00e4dt vom Leben an Bord der \u201eEUROPA\u201c, den Naturschauspielen unterwegs und der einzig- artigen Faszination der Antarktis.\u00a0Au\u00dferdem erfahren wir alles \u00fcber die Tradition der \u00c4quatortaufe, das sagenumwobene Kap Horn und was es mit Deception Island auf sich hat.<\/p>\n","protected":false},"excerpt":{"rendered":"<p>FSKB-Vortrag am 31.01.2016 im YCL.<br \/>\nF\u00fcr mehr Infos klicken Sie bitte auf die \u00dcberschrift.<\/p>\n","protected":false},"author":2,"featured_media":0,"comment_status":"closed","ping_status":"closed","sticky":false,"template":"","format":"standard","meta":{"ngg_post_thumbnail":0,"footnotes":"","_links_to":"","_links_to_target":""},"categories":[4],"tags":[],"class_list":["post-3232","post","type-post","status-publish","format-standard","hentry","category-termine"],"_links":{"self":[{"href":"https:\/\/www.aggertalersegelclub.de\/index.php?rest_route=\/wp\/v2\/posts\/3232","targetHints":{"allow":["GET"]}}],"collection":[{"href":"https:\/\/www.aggertalersegelclub.de\/index.php?rest_route=\/wp\/v2\/posts"}],"about":[{"href":"https:\/\/www.aggertalersegelclub.de\/index.php?rest_route=\/wp\/v2\/types\/post"}],"author":[{"embeddable":true,"href":"https:\/\/www.aggertalersegelclub.de\/index.php?rest_route=\/wp\/v2\/users\/2"}],"replies":[{"embeddable":true,"href":"https:\/\/www.aggertalersegelclub.de\/index.php?rest_route=%2Fwp%2Fv2%2Fcomments&post=3232"}],"version-history":[{"count":5,"href":"https:\/\/www.aggertalersegelclub.de\/index.php?rest_route=\/wp\/v2\/posts\/3232\/revisions"}],"predecessor-version":[{"id":3237,"href":"https:\/\/www.aggertalersegelclub.de\/index.php?rest_route=\/wp\/v2\/posts\/3232\/revisions\/3237"}],"wp:attachment":[{"href":"https:\/\/www.aggertalersegelclub.de\/index.php?rest_route=%2Fwp%2Fv2%2Fmedia&parent=3232"}],"wp:term":[{"taxonomy":"category","embeddable":true,"href":"https:\/\/www.aggertalersegelclub.de\/index.php?rest_route=%2Fwp%2Fv2%2Fcategories&post=3232"},{"taxonomy":"post_tag","embeddable":true,"href":"https:\/\/www.aggertalersegelclub.de\/index.php?rest_route=%2Fwp%2Fv2%2Ftags&post=3232"}],"curies":[{"name":"wp","href":"https:\/\/api.w.org\/{rel}","templated":true}]}}