{"id":3222,"date":"2016-01-09T17:02:10","date_gmt":"2016-01-09T15:02:10","guid":{"rendered":"http:\/\/www.aggertalersegelclub.de\/?p=3222"},"modified":"2016-01-09T19:56:55","modified_gmt":"2016-01-09T17:56:55","slug":"fskb-vortrag-am-29-januar-3300-meilen-zu-zweit-von-japan-nach-alaska","status":"publish","type":"post","link":"https:\/\/www.aggertalersegelclub.de\/?p=3222","title":{"rendered":"FSKB-Vortrag am 31. Januar: &#8222;3300 Meilen zu zweit von Japan nach Alaska&#8220;"},"content":{"rendered":"<p>Am 31. Januar 2016\u00a0 um 16.00 Uhr \u00a0berichtet Stefan Thielenbein aus Hamburg\u00a0 im Rahmen der FSKB-Vortragsreihe \u00fcber seinen abenteuerlichen T\u00f6rn im Clubhaus des YCL.<\/p>\n<p>Im Mai 2012 bricht der begeisterte Segler Stefan Thielebein nach Japan auf und l\u00e4sst sich mit einem befreundeten US-Amerikaner aus Alaska auf ein\u00a0abenteuerliches Unternehmen ein. Das Ziel: Sie wollen auf der\u00a0Segelyacht \u201eFreestyle\u201c (einer Westsail 32) 3300 Seemeilen ohne\u00a0Zwischenstopp zur\u00fccklegen und schlie\u00dflich in Alaska anlegen.<br \/>\nNachdem sie die Reise mehrmals verschieben m\u00fcssen, weil in Japan Taifune w\u00fcten, starten die beiden Sportler am 27. Juni ihren T\u00f6rn. Vor ihnen liegt ein beschwerlicher Weg mit k\u00f6rperlichen und seelischen Herausforderungen.<br \/>\nMit Bildern, Videos und Tagebuchaufzeichnung nimmt Thielebein das Publikum mit auf die rei\u00dfenden Wellen des Nord-Pazifik.<\/p>\n<p><img loading=\"lazy\" decoding=\"async\" class=\"alignleft wp-image-3224\" src=\"http:\/\/www.aggertalersegelclub.de\/wordpress\/wp-content\/uploads\/2016\/01\/Bildschirmfoto-2016-01-09-um-16.00.29.png\" alt=\"Bildschirmfoto 2016-01-09 um 16.00.29\" width=\"450\" height=\"379\" srcset=\"https:\/\/www.aggertalersegelclub.de\/wordpress\/wp-content\/uploads\/2016\/01\/Bildschirmfoto-2016-01-09-um-16.00.29.png 689w, https:\/\/www.aggertalersegelclub.de\/wordpress\/wp-content\/uploads\/2016\/01\/Bildschirmfoto-2016-01-09-um-16.00.29-300x253.png 300w\" sizes=\"auto, (max-width: 450px) 100vw, 450px\" \/><\/p>\n<p>Ein Auszug aus Thielebeins Tagebuch:<br \/>\n\u201eDie seit gestern Abend andauernden hohen Wellen sind nervenzerfetzend. Ein Geschaukel, wie es schlimmer nicht sein kann. Schlafen geht praktisch nicht mehr und die ganze Zeit muss man sich abst\u00fctzen und festhalten oder am besten festklammern.\u201c<\/p>\n<p>Mitrei\u00dfend und spannend erz\u00e4hlt Thielebein in seinem Vortrag von den H\u00fcrden und Gl\u00fccks- momenten, die ihm auf der Reise begegneten. Mit welchen Problemen und Schwierigkeiten hat man als Segler auf so einem T\u00f6rn zu rechnen und wie geht man damit um?<br \/>\nDiese und weitere Fragen beantwortet Stefan Thielebein.<\/p>\n<p>Wir freuen uns auf Ihren Besuch! G\u00e4ste sind, wie immer, herzlich willkommen!<\/p>\n<p>Kein Kostenbeitrag.\u00a0Das DGzRS-Schiffchen freut sich aber \u00fcber eine Spende<\/p>\n","protected":false},"excerpt":{"rendered":"<p>FSKB-Vortrag am 31.01.2016 im YCL.<br \/>\nF\u00fcr mehr Infos klicken Sie bitte auf die \u00dcberschrift.<\/p>\n","protected":false},"author":2,"featured_media":0,"comment_status":"closed","ping_status":"closed","sticky":false,"template":"","format":"standard","meta":{"ngg_post_thumbnail":0,"footnotes":"","_links_to":"","_links_to_target":""},"categories":[4],"tags":[],"class_list":["post-3222","post","type-post","status-publish","format-standard","hentry","category-termine"],"_links":{"self":[{"href":"https:\/\/www.aggertalersegelclub.de\/index.php?rest_route=\/wp\/v2\/posts\/3222","targetHints":{"allow":["GET"]}}],"collection":[{"href":"https:\/\/www.aggertalersegelclub.de\/index.php?rest_route=\/wp\/v2\/posts"}],"about":[{"href":"https:\/\/www.aggertalersegelclub.de\/index.php?rest_route=\/wp\/v2\/types\/post"}],"author":[{"embeddable":true,"href":"https:\/\/www.aggertalersegelclub.de\/index.php?rest_route=\/wp\/v2\/users\/2"}],"replies":[{"embeddable":true,"href":"https:\/\/www.aggertalersegelclub.de\/index.php?rest_route=%2Fwp%2Fv2%2Fcomments&post=3222"}],"version-history":[{"count":5,"href":"https:\/\/www.aggertalersegelclub.de\/index.php?rest_route=\/wp\/v2\/posts\/3222\/revisions"}],"predecessor-version":[{"id":3227,"href":"https:\/\/www.aggertalersegelclub.de\/index.php?rest_route=\/wp\/v2\/posts\/3222\/revisions\/3227"}],"wp:attachment":[{"href":"https:\/\/www.aggertalersegelclub.de\/index.php?rest_route=%2Fwp%2Fv2%2Fmedia&parent=3222"}],"wp:term":[{"taxonomy":"category","embeddable":true,"href":"https:\/\/www.aggertalersegelclub.de\/index.php?rest_route=%2Fwp%2Fv2%2Fcategories&post=3222"},{"taxonomy":"post_tag","embeddable":true,"href":"https:\/\/www.aggertalersegelclub.de\/index.php?rest_route=%2Fwp%2Fv2%2Ftags&post=3222"}],"curies":[{"name":"wp","href":"https:\/\/api.w.org\/{rel}","templated":true}]}}