{"id":2573,"date":"2015-09-01T21:31:07","date_gmt":"2015-09-01T19:31:07","guid":{"rendered":"http:\/\/www.aggertalersegelclub.de\/?p=2573"},"modified":"2015-11-11T12:52:06","modified_gmt":"2015-11-11T10:52:06","slug":"asc-arbeitsdienst-am-12-september-2015","status":"publish","type":"post","link":"https:\/\/www.aggertalersegelclub.de\/?p=2573","title":{"rendered":"ASC Arbeitsdienst am 12. September 2015!"},"content":{"rendered":"<p><img loading=\"lazy\" decoding=\"async\" title=\"arbeitsdienst_alt\" src=\"http:\/\/www.aggertalersegelclub.de\/wordpress\/wp-content\/uploads\/2010\/02\/arbeitsdienst_alt.jpg\" alt=\"\" width=\"300\" height=\"225\" \/><\/p>\n<p>Liebe ASCler, Freunde und G\u00e4ste des ASC,<\/p>\n<p>am\u00a0Samstag, 12.09.2015\u00a0\u00a0findet ab\u00a008:30 Uhr\u00a0ein\u00a0Arbeitsdienst\u00a0bei uns auf dem Gel\u00e4nde statt.<\/p>\n<p>Folgende Arbeiten stehen auf dem Plan:<\/p>\n<ol>\n<li>Wegarbeiten hin zum S\u00fcdsteg<\/li>\n<li>Diverse Gr\u00fcn-\/Gartenarbeiten im Gel\u00e4nde des ASC<\/li>\n<\/ol>\n<p>Ben\u00f6tig werden f\u00fcr die Gr\u00fcn-\/Gartenarbeiten entsprechende Ger\u00e4te wie zum Beispiel Besen, Schaufel, Astschere, Unkrautstecher, etc..<\/p>\n<p>Sowie f\u00fcr beide Arbeitsgebiete dem Wetter entsprechende Kleidung.<\/p>\n<p>Gemeinsames Mittagessen gegen 12:30 Uhr.\u00a0Der Arbeitsdienst endet um ca. 16:00 Uhr.<\/p>\n<p>Unser Hafenmeister Lutz Lange und der Vorstand freuen sich \u00fcber viele flei\u00dfige H\u00e4nde.<\/p>\n","protected":false},"excerpt":{"rendered":"<p>Einladung zum Arbeitsdienst am 12.09.2015!<br \/>\nF\u00fcr mehr Infos klicken Sie bitte auf die \u00dcberschrift.<\/p>\n","protected":false},"author":2,"featured_media":0,"comment_status":"closed","ping_status":"closed","sticky":false,"template":"","format":"standard","meta":{"ngg_post_thumbnail":0,"footnotes":"","_links_to":"","_links_to_target":""},"categories":[3],"tags":[],"class_list":["post-2573","post","type-post","status-publish","format-standard","hentry","category-news"],"_links":{"self":[{"href":"https:\/\/www.aggertalersegelclub.de\/index.php?rest_route=\/wp\/v2\/posts\/2573","targetHints":{"allow":["GET"]}}],"collection":[{"href":"https:\/\/www.aggertalersegelclub.de\/index.php?rest_route=\/wp\/v2\/posts"}],"about":[{"href":"https:\/\/www.aggertalersegelclub.de\/index.php?rest_route=\/wp\/v2\/types\/post"}],"author":[{"embeddable":true,"href":"https:\/\/www.aggertalersegelclub.de\/index.php?rest_route=\/wp\/v2\/users\/2"}],"replies":[{"embeddable":true,"href":"https:\/\/www.aggertalersegelclub.de\/index.php?rest_route=%2Fwp%2Fv2%2Fcomments&post=2573"}],"version-history":[{"count":2,"href":"https:\/\/www.aggertalersegelclub.de\/index.php?rest_route=\/wp\/v2\/posts\/2573\/revisions"}],"predecessor-version":[{"id":3176,"href":"https:\/\/www.aggertalersegelclub.de\/index.php?rest_route=\/wp\/v2\/posts\/2573\/revisions\/3176"}],"wp:attachment":[{"href":"https:\/\/www.aggertalersegelclub.de\/index.php?rest_route=%2Fwp%2Fv2%2Fmedia&parent=2573"}],"wp:term":[{"taxonomy":"category","embeddable":true,"href":"https:\/\/www.aggertalersegelclub.de\/index.php?rest_route=%2Fwp%2Fv2%2Fcategories&post=2573"},{"taxonomy":"post_tag","embeddable":true,"href":"https:\/\/www.aggertalersegelclub.de\/index.php?rest_route=%2Fwp%2Fv2%2Ftags&post=2573"}],"curies":[{"name":"wp","href":"https:\/\/api.w.org\/{rel}","templated":true}]}}