{"id":2438,"date":"2015-03-08T20:08:56","date_gmt":"2015-03-08T18:08:56","guid":{"rendered":"http:\/\/www.aggertalersegelclub.de\/?p=2438"},"modified":"2015-03-08T20:08:56","modified_gmt":"2015-03-08T18:08:56","slug":"asc-arbeitsdienst-am-14-maerz-2014","status":"publish","type":"post","link":"https:\/\/www.aggertalersegelclub.de\/?p=2438","title":{"rendered":"ASC-Arbeitsdienst am 14. M\u00e4rz 2014"},"content":{"rendered":"<p><img loading=\"lazy\" decoding=\"async\" title=\"arbeitsdienst_alt\" src=\"http:\/\/www.aggertalersegelclub.de\/wordpress\/wp-content\/uploads\/2010\/02\/arbeitsdienst_alt.jpg\" alt=\"\" width=\"300\" height=\"225\" \/><\/p>\n<p>Liebe ASCler,<\/p>\n<p>am Samstag, 14.03.2015 findet unsere Jahreshauptversammlung um 16.00 Uhr im Clubhaus statt.<\/p>\n<p>Vor der Versammlung w\u00fcrden wir gerne einen kleinen Arbeitsdienst durchf\u00fchren und beide Stege anlanden. Hierf\u00fcr ben\u00f6tigen wir flei\u00dfige Helfer\/-innen. Wir wollen um 12.30 Uhr mit den Arbeiten beginnen. F\u00fcr das Anlanden der Stege werden neben Arbeitshandschuhen der Witterung entsprechende Kleidung ben\u00f6tigt.<br \/>\nWir w\u00fcrden uns \u00fcber eine rege Beteiligung freuen.<\/p>\n<p>Mit freundlichem Gru\u00df<br \/>\nDer Vorstand<\/p>\n","protected":false},"excerpt":{"rendered":"<p>Einladung zum Arbeitsdienst am 14. M\u00e4rz 2014!<br \/>\nF\u00fcr mehr Infos klicken Sie bitte auf die \u00dcberschrift.<\/p>\n","protected":false},"author":2,"featured_media":0,"comment_status":"closed","ping_status":"closed","sticky":false,"template":"","format":"standard","meta":{"ngg_post_thumbnail":0,"footnotes":"","_links_to":"","_links_to_target":""},"categories":[3],"tags":[],"class_list":["post-2438","post","type-post","status-publish","format-standard","hentry","category-news"],"_links":{"self":[{"href":"https:\/\/www.aggertalersegelclub.de\/index.php?rest_route=\/wp\/v2\/posts\/2438","targetHints":{"allow":["GET"]}}],"collection":[{"href":"https:\/\/www.aggertalersegelclub.de\/index.php?rest_route=\/wp\/v2\/posts"}],"about":[{"href":"https:\/\/www.aggertalersegelclub.de\/index.php?rest_route=\/wp\/v2\/types\/post"}],"author":[{"embeddable":true,"href":"https:\/\/www.aggertalersegelclub.de\/index.php?rest_route=\/wp\/v2\/users\/2"}],"replies":[{"embeddable":true,"href":"https:\/\/www.aggertalersegelclub.de\/index.php?rest_route=%2Fwp%2Fv2%2Fcomments&post=2438"}],"version-history":[{"count":2,"href":"https:\/\/www.aggertalersegelclub.de\/index.php?rest_route=\/wp\/v2\/posts\/2438\/revisions"}],"predecessor-version":[{"id":2441,"href":"https:\/\/www.aggertalersegelclub.de\/index.php?rest_route=\/wp\/v2\/posts\/2438\/revisions\/2441"}],"wp:attachment":[{"href":"https:\/\/www.aggertalersegelclub.de\/index.php?rest_route=%2Fwp%2Fv2%2Fmedia&parent=2438"}],"wp:term":[{"taxonomy":"category","embeddable":true,"href":"https:\/\/www.aggertalersegelclub.de\/index.php?rest_route=%2Fwp%2Fv2%2Fcategories&post=2438"},{"taxonomy":"post_tag","embeddable":true,"href":"https:\/\/www.aggertalersegelclub.de\/index.php?rest_route=%2Fwp%2Fv2%2Ftags&post=2438"}],"curies":[{"name":"wp","href":"https:\/\/api.w.org\/{rel}","templated":true}]}}