{"id":2354,"date":"2015-01-12T19:37:28","date_gmt":"2015-01-12T17:37:28","guid":{"rendered":"http:\/\/www.aggertalersegelclub.de\/?p=2354"},"modified":"2015-01-12T19:37:28","modified_gmt":"2015-01-12T17:37:28","slug":"winterwanderung-am-31-januar-2015","status":"publish","type":"post","link":"https:\/\/www.aggertalersegelclub.de\/?p=2354","title":{"rendered":"Winterwanderung am 31. Januar 2015"},"content":{"rendered":"<p>Liebe Mitglieder und Freunde des ASC,<\/p>\n<p>wie bereits in unserer Weihnachtsmail angek\u00fcndigt, werden wir am Samstag, dem 31. Januar unsere Winterwanderung durchf\u00fchren. Da aufgrund des Wechsels des Clubwirtes unser Clubhaus noch nicht wieder bewirtschaftet ist, treffen wir uns nach der Wanderung um 17:00 Uhr im Blockhaus des Hauses Dumicketal. Das Gr\u00fcnkohlbuffet kostet pro Person 16,50 Euro und ist vor Ort zu bezahlen. Zur Info: (<a title=\"Haus Dumicketal\" href=\"http:\/\/www.hausdumicketal.de\/aktuellheader.html\" target=\"_blank\">http:\/\/www.hausdumicketal.de<\/a>). F\u00fcr die Kinder gibt es zu einem geringeren Preis ein Kindermen\u00fc. Bitte gebt dies aber bei der Anmeldung an. Die Anmeldung f\u00fcr das Gr\u00fchnkohlessen ist absolut verbindlich, da wir entsprechend der Anmeldezahlen das Essen bestellen m\u00fcssen. Da wir das Blockhaus f\u00fcr uns haben, k\u00f6nnen wir den Abend nach dem Essen auch gem\u00fctlich ausklingen lassen. Das Haus erreicht ihr, in dem ihr rechts am Hotel des Hauses Dumicketal vorbeigeht. Der Weg ist beleuchtet. Ihr braucht nicht durch die Gastst\u00e4tte zu gehen.<\/p>\n<p>Nun aber zur Wanderung:<br \/>\nWir starten mit der Wanderung in der W\u00f6rmge (Navi: 57439 Attendorn W\u00f6rmge, W\u00f6rmge 4) um 14.30 Uhr. Der Parkstreifen an der Stra\u00dfe bietet ausreichend Parkm\u00f6glichkeiten. Von dort aus werden wir entlang der Lister, je nach Wetterlage, ca. 2 Stunden wandern, um dann anschlie\u00dfend mit dem Auto oder zu Fu\u00df, wer noch keine Blasen an den F\u00fc\u00dfen hat, zum Haus Dumicketal aufbrechen.<br \/>\nDa nicht alle von uns gut zu Fu\u00df sind, ist die Wanderung vom Gr\u00fcnkohlessen v\u00f6llig abgekoppelt. Wer nicht mitgeht, findet sich um 17:00 Uhr im Dumicketal ein.<\/p>\n<p>Verbindliche Anmeldungen nimmt ab sofort unser Wanderf\u00fchrer Peter Lieven an:<br \/>\nEmail: peter@lievens.de oder Telefon: 0234 3883802<\/p>\n<p>Bitte denkt daran: Die Anmeldung zum Gr\u00fcnkohlessen ist verbindlich. Damit wir einen ungef\u00e4hren \u00dcberblick haben, teilt uns doch bitte auch mit, ob ihr an der Wanderung teilnehmt. Der Wirt hat den Anmeldeschluss vorgegeben. Es ist der 27. Januar!!<\/p>\n<p>Der Vorstand freut sich \u00fcber eine rege Beteiligung.<\/p>\n","protected":false},"excerpt":{"rendered":"<p>Infos zur Winterwanderung Ende Januar.<br \/>\nF\u00fcr n\u00e4here Informationen klicken Sie bitte auf die \u00dcberschrift.<\/p>\n","protected":false},"author":2,"featured_media":0,"comment_status":"closed","ping_status":"closed","sticky":false,"template":"","format":"standard","meta":{"ngg_post_thumbnail":0,"footnotes":"","_links_to":"","_links_to_target":""},"categories":[1,4],"tags":[],"class_list":["post-2354","post","type-post","status-publish","format-standard","hentry","category-allgemein","category-termine"],"_links":{"self":[{"href":"https:\/\/www.aggertalersegelclub.de\/index.php?rest_route=\/wp\/v2\/posts\/2354","targetHints":{"allow":["GET"]}}],"collection":[{"href":"https:\/\/www.aggertalersegelclub.de\/index.php?rest_route=\/wp\/v2\/posts"}],"about":[{"href":"https:\/\/www.aggertalersegelclub.de\/index.php?rest_route=\/wp\/v2\/types\/post"}],"author":[{"embeddable":true,"href":"https:\/\/www.aggertalersegelclub.de\/index.php?rest_route=\/wp\/v2\/users\/2"}],"replies":[{"embeddable":true,"href":"https:\/\/www.aggertalersegelclub.de\/index.php?rest_route=%2Fwp%2Fv2%2Fcomments&post=2354"}],"version-history":[{"count":2,"href":"https:\/\/www.aggertalersegelclub.de\/index.php?rest_route=\/wp\/v2\/posts\/2354\/revisions"}],"predecessor-version":[{"id":2356,"href":"https:\/\/www.aggertalersegelclub.de\/index.php?rest_route=\/wp\/v2\/posts\/2354\/revisions\/2356"}],"wp:attachment":[{"href":"https:\/\/www.aggertalersegelclub.de\/index.php?rest_route=%2Fwp%2Fv2%2Fmedia&parent=2354"}],"wp:term":[{"taxonomy":"category","embeddable":true,"href":"https:\/\/www.aggertalersegelclub.de\/index.php?rest_route=%2Fwp%2Fv2%2Fcategories&post=2354"},{"taxonomy":"post_tag","embeddable":true,"href":"https:\/\/www.aggertalersegelclub.de\/index.php?rest_route=%2Fwp%2Fv2%2Ftags&post=2354"}],"curies":[{"name":"wp","href":"https:\/\/api.w.org\/{rel}","templated":true}]}}