{"id":2340,"date":"2015-01-07T23:34:14","date_gmt":"2015-01-07T21:34:14","guid":{"rendered":"http:\/\/www.aggertalersegelclub.de\/?p=2340"},"modified":"2015-01-07T23:37:03","modified_gmt":"2015-01-07T21:37:03","slug":"fskb-vortrag-k-o-und-nochmal-gepackt-am-25-januar-im-ycl","status":"publish","type":"post","link":"https:\/\/www.aggertalersegelclub.de\/?p=2340","title":{"rendered":"FSKB-Vortrag \u201eK.O. &#8211; Und nochmal gepackt!\u201c am 25. Januar im YCL"},"content":{"rendered":"<p>&nbsp;<\/p>\n<p>Am 25. Januar 2015 um 16 Uhr findet ein weiterer Vortrag des FSKB im Clubhaus des Yacht-Club Lister statt.<\/p>\n<p>Im Februar 2011 sahen wir einen faszinierenden Vortrag \u00fcber die Fahrten im Revier Kap Horn und Antarktis. Im M\u00e4rz wurde die FREYDIS II in Fukushima ein Opfer des Tsunami. Heide und Erich Wilts sind bekannt f\u00fcr ihre Segelreisen in die entlegensten Gebiete der Erde. Nicht den ausgetretenen Pfaden der urlaubshungrigen Sch\u00f6nwettersegler gilt ihr Interesse, sondern den letzten Paradiesen von Menschen und Tieren.<\/p>\n<p><img loading=\"lazy\" decoding=\"async\" class=\"aligncenter wp-image-2341\" src=\"http:\/\/www.aggertalersegelclub.de\/wordpress\/wp-content\/uploads\/2015\/01\/Bildschirmfoto-2015-01-07-um-22.28.06.png\" alt=\"Bildschirmfoto 2015-01-07 um 22.28.06\" width=\"435\" height=\"317\" srcset=\"https:\/\/www.aggertalersegelclub.de\/wordpress\/wp-content\/uploads\/2015\/01\/Bildschirmfoto-2015-01-07-um-22.28.06.png 582w, https:\/\/www.aggertalersegelclub.de\/wordpress\/wp-content\/uploads\/2015\/01\/Bildschirmfoto-2015-01-07-um-22.28.06-300x219.png 300w\" sizes=\"auto, (max-width: 435px) 100vw, 435px\" \/><\/p>\n<p>Vier Sommer, von 2006 bis 2009, segeln sie in einem Revier, das aufregender und sch\u00f6ner nicht sein k\u00f6nnte: Einsam, urspr\u00fcnglich, wild zerkl\u00fcftet, von den Vulkanen, Bergen und ihren in die Fjorde kalbenden Gletschern gepr\u00e4gt, ist die Sch\u00f6nheit dieses Insel-Irrgartens ebenso gro\u00df wie sein Ausma\u00df. Sie ankern in einsamen Buchten in totaler Wildnis, lassen sich in B\u00e4renbuchten trockenfallen und beobachten die gr\u00f6\u00dften Landraub- tiere der Erde in ihrem nat\u00fcrlichen Lebensraum oder sie liegen an irgendeinem Steg in kleinen Fischer- oder Eskimod\u00f6rfern und verlassenen Goldgr\u00e4bersiedlungen.<\/p>\n<p>In einem mitrei\u00dfenden Live-Vortrag erz\u00e4hlen die Wilts von urspr\u00fcnglicher, gewaltiger Natur und von K\u00fcsten, die noch niemals zuvor eine Yacht erkundet hat. Sie berichten von dem dramatischen Verlust ihrer Freydis II in Fukushima 2011 durch den Jahrhundert-Tsunami und die Verstrahlung ihrer Yacht durch das zerst\u00f6rte japanische Atomkraftwerk. Obwohl die Wilts beide auf die 70 zugehen, wagen sie einen Neuanfang, bauen ihre dritte Freydis und starten 2012 von Deutschland aus zu einer neuen Weltreise. Nach 22 Monaten und 22.000 Seemeilen haben sie mit dem neuen Schiff Nagasaki im S\u00fcdwesten Japans erreicht und wollen im kommenden Jahr (2015) die Reise nach Alaska fortsetzen.<\/p>\n<p>Wir freuen uns auf Ihren Besuch! G\u00e4ste sind wie immer herzlich Willkommen! Kein Kostenbeitrag.<\/p>\n","protected":false},"excerpt":{"rendered":"<p>FSKB-Vortrag am 25.01.2015 im YCL.<br \/>\nF\u00fcr mehr Infos klicken Sie bitte auf die \u00dcberschrift.<\/p>\n","protected":false},"author":2,"featured_media":0,"comment_status":"closed","ping_status":"closed","sticky":false,"template":"","format":"standard","meta":{"ngg_post_thumbnail":0,"footnotes":"","_links_to":"","_links_to_target":""},"categories":[4],"tags":[],"class_list":["post-2340","post","type-post","status-publish","format-standard","hentry","category-termine"],"_links":{"self":[{"href":"https:\/\/www.aggertalersegelclub.de\/index.php?rest_route=\/wp\/v2\/posts\/2340","targetHints":{"allow":["GET"]}}],"collection":[{"href":"https:\/\/www.aggertalersegelclub.de\/index.php?rest_route=\/wp\/v2\/posts"}],"about":[{"href":"https:\/\/www.aggertalersegelclub.de\/index.php?rest_route=\/wp\/v2\/types\/post"}],"author":[{"embeddable":true,"href":"https:\/\/www.aggertalersegelclub.de\/index.php?rest_route=\/wp\/v2\/users\/2"}],"replies":[{"embeddable":true,"href":"https:\/\/www.aggertalersegelclub.de\/index.php?rest_route=%2Fwp%2Fv2%2Fcomments&post=2340"}],"version-history":[{"count":5,"href":"https:\/\/www.aggertalersegelclub.de\/index.php?rest_route=\/wp\/v2\/posts\/2340\/revisions"}],"predecessor-version":[{"id":2344,"href":"https:\/\/www.aggertalersegelclub.de\/index.php?rest_route=\/wp\/v2\/posts\/2340\/revisions\/2344"}],"wp:attachment":[{"href":"https:\/\/www.aggertalersegelclub.de\/index.php?rest_route=%2Fwp%2Fv2%2Fmedia&parent=2340"}],"wp:term":[{"taxonomy":"category","embeddable":true,"href":"https:\/\/www.aggertalersegelclub.de\/index.php?rest_route=%2Fwp%2Fv2%2Fcategories&post=2340"},{"taxonomy":"post_tag","embeddable":true,"href":"https:\/\/www.aggertalersegelclub.de\/index.php?rest_route=%2Fwp%2Fv2%2Ftags&post=2340"}],"curies":[{"name":"wp","href":"https:\/\/api.w.org\/{rel}","templated":true}]}}