{"id":2197,"date":"2014-08-24T19:07:51","date_gmt":"2014-08-24T17:07:51","guid":{"rendered":"http:\/\/www.aggertalersegelclub.de\/?p=2197"},"modified":"2014-08-24T19:10:52","modified_gmt":"2014-08-24T17:10:52","slug":"bericht-zur-segelfreizeit-in-friesland","status":"publish","type":"post","link":"https:\/\/www.aggertalersegelclub.de\/?p=2197","title":{"rendered":"Bericht zur Segelfreizeit in Friesland"},"content":{"rendered":"<p>Auch in 2014 veranstaltete die Jugendabteilung des Yacht-Club Lister eine Segelfreizeit in Friesland, an der sich auch Kinder und Jugendliche, Eltern und Jugendwarte des ASC aktiv beteiligten. Vom 18.06.2014 bis 22.06.2014 waren erneut Bungalows im Ferienpark \u201eDe Kuilart\u201c angemietet, der sowohl von den Unterbringungsm\u00f6glichkeiten an Land als auch hinsichtlich der Segelm\u00f6glichkeiten optimale Bedingungen garantiert. Dieses Jahr konnten durch eine fr\u00fchzeitige Planung Bungalows in unmittelbarer Nachbarschaft zueinander gemietet werden, was dem sozialen Miteinander in diesen k\u00fcrzesten N\u00e4chten des Jahres entgegen kam, aber deutlich dem nat\u00fcrlichen Schlafbed\u00fcrfnis des erwachsenen Begleitpersonals widersprach.<\/p>\n<p>Die Anreise erfolgt teilweise am Vortag, teilweise in der Nacht zu Fronleichnam und sogar noch bis in den Vormittag des 19. Juni. In den ersten Stunden wurden die Jollen aufgeriggt, Material kontrolliert und teilweise erg\u00e4nzt und die Begleitboote zu Wasser gelassen. Aus den Erfahrungen des Vorjahres hatte des YCL auf die Anmietung der schwach motorisierten Motorboote vor Ort verzichtet und professionelle RIBs, Festrumpfschlauchboote mit ausreichender Motorisierung des Segler-Verbandes Nordrhein-Westfalens (SVNRW) angemietet. Zusammen mit leistungsstarken Megaphonen war so w\u00e4hrend der gesamten Freizeit eine sichere Begleitung und Ansprache der Jugendlichen m\u00f6glich.<\/p>\n<p><a href=\"http:\/\/www.aggertalersegelclub.de\/wordpress\/wp-content\/uploads\/2014\/08\/RIB-des-SVNRW-1280x719.jpg\"><img loading=\"lazy\" decoding=\"async\" class=\"aligncenter wp-image-2202\" src=\"http:\/\/www.aggertalersegelclub.de\/wordpress\/wp-content\/uploads\/2014\/08\/RIB-des-SVNRW-1280x719-1024x575.jpg\" alt=\"SONY DSC\" width=\"450\" height=\"253\" srcset=\"https:\/\/www.aggertalersegelclub.de\/wordpress\/wp-content\/uploads\/2014\/08\/RIB-des-SVNRW-1280x719-1024x575.jpg 1024w, https:\/\/www.aggertalersegelclub.de\/wordpress\/wp-content\/uploads\/2014\/08\/RIB-des-SVNRW-1280x719-300x168.jpg 300w, https:\/\/www.aggertalersegelclub.de\/wordpress\/wp-content\/uploads\/2014\/08\/RIB-des-SVNRW-1280x719.jpg 1280w\" sizes=\"auto, (max-width: 450px) 100vw, 450px\" \/><\/a><\/p>\n<p>Der ASC beteiligte sich an der Freizeit neben vier Erwachsenen mit 7 Jugendlichen, die auf drei 420ern und einem Laser unterwegs waren. W\u00e4hrend unsere 420er-Segler \u00fcberwiegend bereits \u201eSeesegelerfahrung\u201c auf den Randmeeren des Heeger Meer hatten, war unser Laser das erste Mal auf den Friesischen Meeren unterwegs. Nach einem Tag der Eingew\u00f6hnung konnte aber unser Laser bereits fr\u00fchzeitig das Training in der Gruppe der 420er aufnehmen und mithalten.<\/p>\n<p><a href=\"http:\/\/www.aggertalersegelclub.de\/wordpress\/wp-content\/uploads\/2014\/08\/420er-im-Trapez-4-1280x719.jpg\"><img loading=\"lazy\" decoding=\"async\" class=\"aligncenter wp-image-2206\" src=\"http:\/\/www.aggertalersegelclub.de\/wordpress\/wp-content\/uploads\/2014\/08\/420er-im-Trapez-4-1280x719-1024x575.jpg\" alt=\"SONY DSC\" width=\"450\" height=\"253\" srcset=\"https:\/\/www.aggertalersegelclub.de\/wordpress\/wp-content\/uploads\/2014\/08\/420er-im-Trapez-4-1280x719-1024x575.jpg 1024w, https:\/\/www.aggertalersegelclub.de\/wordpress\/wp-content\/uploads\/2014\/08\/420er-im-Trapez-4-1280x719-300x168.jpg 300w, https:\/\/www.aggertalersegelclub.de\/wordpress\/wp-content\/uploads\/2014\/08\/420er-im-Trapez-4-1280x719.jpg 1280w\" sizes=\"auto, (max-width: 450px) 100vw, 450px\" \/><\/a><\/p>\n<p>W\u00e4hrend der gesamten Segelfreizeit herrschte ein frischer und teilweise b\u00f6iger Wind bis 4-5 Bft. vor, der unsere Jollen schnell zur Gleitfahrt brachte. W\u00e4hrend am ersten Tag noch das hafenn\u00e4here Revier \u201eDe Holten\u201c zur \u00dcbung reichte, forderte uns am Folgetag bereits das s\u00fcdliche Heeger Meer mit mehr Wind und Welle. Der die beiden Gew\u00e4sser verbindende \u201eJohan Friso-Kanal\u201c stellte unsere jugendlichen Segler auch navigatorisch und vorfahrtstechnisch vor Herausforderungen. Kenterungen auch im Kanal wurden aber schnell und professionell \u00fcberwunden. H\u00f6hepunkt unserer Segelfreizeit aber war eine Tagesfahrt in den \u201ePassantenhafen\u201c von Heeg, in dem nach mehrst\u00fcndiger Fahrt eine beachtenswerte Flotte von Optimisten,420ern, Lasern und Open Bics, einlief, und den Sehseglern im Hafen gro\u00dfes Kino bot. Nach einer kurzen Mittagspause ging es am Wind zur\u00fcck zum Ausgangshafen de Kuilart.<\/p>\n<p><a href=\"http:\/\/www.aggertalersegelclub.de\/wordpress\/wp-content\/uploads\/2014\/08\/Konzentrierte-420er-Segler-1280x719.jpg\"><img loading=\"lazy\" decoding=\"async\" class=\"aligncenter wp-image-2203\" src=\"http:\/\/www.aggertalersegelclub.de\/wordpress\/wp-content\/uploads\/2014\/08\/Konzentrierte-420er-Segler-1280x719-1024x575.jpg\" alt=\"SONY DSC\" width=\"450\" height=\"253\" srcset=\"https:\/\/www.aggertalersegelclub.de\/wordpress\/wp-content\/uploads\/2014\/08\/Konzentrierte-420er-Segler-1280x719-1024x575.jpg 1024w, https:\/\/www.aggertalersegelclub.de\/wordpress\/wp-content\/uploads\/2014\/08\/Konzentrierte-420er-Segler-1280x719-300x168.jpg 300w, https:\/\/www.aggertalersegelclub.de\/wordpress\/wp-content\/uploads\/2014\/08\/Konzentrierte-420er-Segler-1280x719.jpg 1280w\" sizes=\"auto, (max-width: 450px) 100vw, 450px\" \/><\/a><\/p>\n<p>Die Abende im Bungalowpark wurden genutzt um die freundschaftlichen Kontakte zwischen Jugendlichen und Erwachsenen auch zwischen den Bigge-Vereinen weiter zu st\u00e4rken, das Material zu reparieren und zu trocknen, und den doch erheblichen Kalorienverlust w\u00e4hrend des Tages wieder auszugleichen. Insbesondere die erwachsenen Begleiter nutzten die Gelegenheit, den t\u00e4glichen Fl\u00fcssigkeitsverlust rasch zu kompensieren. <\/p>\n<p><a href=\"http:\/\/www.aggertalersegelclub.de\/wordpress\/wp-content\/uploads\/2014\/08\/Laser-1280x719.jpg\"><img loading=\"lazy\" decoding=\"async\" class=\"aligncenter wp-image-2200\" src=\"http:\/\/www.aggertalersegelclub.de\/wordpress\/wp-content\/uploads\/2014\/08\/Laser-1280x719-1024x575.jpg\" alt=\"SONY DSC\" width=\"450\" height=\"253\" srcset=\"https:\/\/www.aggertalersegelclub.de\/wordpress\/wp-content\/uploads\/2014\/08\/Laser-1280x719-1024x575.jpg 1024w, https:\/\/www.aggertalersegelclub.de\/wordpress\/wp-content\/uploads\/2014\/08\/Laser-1280x719-300x168.jpg 300w, https:\/\/www.aggertalersegelclub.de\/wordpress\/wp-content\/uploads\/2014\/08\/Laser-1280x719.jpg 1280w\" sizes=\"auto, (max-width: 450px) 100vw, 450px\" \/><\/a><\/p>\n<p>Das Wetter zeigte sich grunds\u00e4tzlich von seiner guten, d.h. meist trockenen und windreichen Seite, zeigte aber am Sonntag nochmals, was ein richtiger friesischer Sommer m\u00f6glich macht. Sonnenschein und kr\u00e4ftiger Westwind lie\u00dfen uns den Abschied schwer fallen und es war verst\u00e4ndlicherweise schwierig, die Jugendlichen vom Wasser zu bekommen. Auch die wahre Herausforderung des Verpackens und Verstauens von Booten, Material und Menschen wurde gemeistert, so dass der R\u00fcckweg in Angriff genommen werden konnte. Wir blicken auf ein tolles verl\u00e4ngertes Wochenende zur\u00fcck, das sowohl die Segelfertigkeiten unserer Jugendlichen als auch deren Spa\u00df am Segeln st\u00e4rkte.<\/p>\n<p><a href=\"http:\/\/www.aggertalersegelclub.de\/wordpress\/wp-content\/uploads\/2014\/08\/420er-Segler-1280x719.jpg\"><img loading=\"lazy\" decoding=\"async\" class=\"aligncenter wp-image-2207\" src=\"http:\/\/www.aggertalersegelclub.de\/wordpress\/wp-content\/uploads\/2014\/08\/420er-Segler-1280x719-1024x575.jpg\" alt=\"SONY DSC\" width=\"450\" height=\"253\" srcset=\"https:\/\/www.aggertalersegelclub.de\/wordpress\/wp-content\/uploads\/2014\/08\/420er-Segler-1280x719-1024x575.jpg 1024w, https:\/\/www.aggertalersegelclub.de\/wordpress\/wp-content\/uploads\/2014\/08\/420er-Segler-1280x719-300x168.jpg 300w, https:\/\/www.aggertalersegelclub.de\/wordpress\/wp-content\/uploads\/2014\/08\/420er-Segler-1280x719.jpg 1280w\" sizes=\"auto, (max-width: 450px) 100vw, 450px\" \/><\/a><\/p>\n<p>Michael Bilo<\/p>\n<p>Jugendwart<\/p>\n<p><a href=\"https:\/\/onedrive.live.com\/?cid=D1033D9453280F98&#038;id=D1033D9453280F98%21108&#038;authkey=%21AFzDZV7kNoscxo8\" title=\"Link zu weiteren Bildern\" target=\"_blank\">Link zu weiteren Bildern in &#8222;OneDrive&#8220;<\/a><\/p>\n","protected":false},"excerpt":{"rendered":"<p>Bericht der ASC-Jugend zum Segelwochenende in Friesland.<br \/>\nF\u00fcr mehr Infos klicken Sie bitte auf die \u00dcberschrift.<\/p>\n","protected":false},"author":2,"featured_media":0,"comment_status":"closed","ping_status":"closed","sticky":false,"template":"","format":"standard","meta":{"ngg_post_thumbnail":0,"footnotes":"","_links_to":"","_links_to_target":""},"categories":[5,3],"tags":[],"class_list":["post-2197","post","type-post","status-publish","format-standard","hentry","category-jugend","category-news"],"_links":{"self":[{"href":"https:\/\/www.aggertalersegelclub.de\/index.php?rest_route=\/wp\/v2\/posts\/2197","targetHints":{"allow":["GET"]}}],"collection":[{"href":"https:\/\/www.aggertalersegelclub.de\/index.php?rest_route=\/wp\/v2\/posts"}],"about":[{"href":"https:\/\/www.aggertalersegelclub.de\/index.php?rest_route=\/wp\/v2\/types\/post"}],"author":[{"embeddable":true,"href":"https:\/\/www.aggertalersegelclub.de\/index.php?rest_route=\/wp\/v2\/users\/2"}],"replies":[{"embeddable":true,"href":"https:\/\/www.aggertalersegelclub.de\/index.php?rest_route=%2Fwp%2Fv2%2Fcomments&post=2197"}],"version-history":[{"count":4,"href":"https:\/\/www.aggertalersegelclub.de\/index.php?rest_route=\/wp\/v2\/posts\/2197\/revisions"}],"predecessor-version":[{"id":2211,"href":"https:\/\/www.aggertalersegelclub.de\/index.php?rest_route=\/wp\/v2\/posts\/2197\/revisions\/2211"}],"wp:attachment":[{"href":"https:\/\/www.aggertalersegelclub.de\/index.php?rest_route=%2Fwp%2Fv2%2Fmedia&parent=2197"}],"wp:term":[{"taxonomy":"category","embeddable":true,"href":"https:\/\/www.aggertalersegelclub.de\/index.php?rest_route=%2Fwp%2Fv2%2Fcategories&post=2197"},{"taxonomy":"post_tag","embeddable":true,"href":"https:\/\/www.aggertalersegelclub.de\/index.php?rest_route=%2Fwp%2Fv2%2Ftags&post=2197"}],"curies":[{"name":"wp","href":"https:\/\/api.w.org\/{rel}","templated":true}]}}