{"id":2186,"date":"2014-08-24T18:59:03","date_gmt":"2014-08-24T16:59:03","guid":{"rendered":"http:\/\/www.aggertalersegelclub.de\/?p=2186"},"modified":"2014-08-24T19:00:19","modified_gmt":"2014-08-24T17:00:19","slug":"bericht-zum-mittendrin-camp","status":"publish","type":"post","link":"https:\/\/www.aggertalersegelclub.de\/?p=2186","title":{"rendered":"Bericht zum &#8222;Mittendrin-Camp&#8220;"},"content":{"rendered":"<p>Einige Nachwuchssegler und Nachwuchsseglerinnen des ASC beteiligten sich dieses Jahr am \u201eMittendrin-Camp\u201c unseres Clubnachbarn WSVB, das traditionell in den Ferien, meist eben \u201emittendrin\u201c, durchgef\u00fchrt wird. Treu der Devise, dass es kein schlechtes Wetter sondern nur unpassende Kleidung gibt, beteiligten sich insgesamt \u00fcber 20 Kinder und Jugendliche an den zahlreichen Aktivit\u00e4ten, die durch das bescheidene Wetter kaum beeintr\u00e4chtigt wurden \u2013 echte Segler eben. Von Freitag, den 15. August bis Sonntag, den 17. August, stand nat\u00fcrlich ausgiebiges Segeln im Vordergrund. Aber zun\u00e4chst musste f\u00fcr eine trockene \u00dcbernachtungsm\u00f6glichkeit gesorgt werden und das \u201eCamp\u201c, ein kleines Zeltdorf, aufgebaut werden.<\/p>\n<p><a href=\"http:\/\/www.aggertalersegelclub.de\/wordpress\/wp-content\/uploads\/2014\/08\/Mittendrin-3-1024x768.jpg\"><img loading=\"lazy\" decoding=\"async\" class=\"aligncenter wp-image-2188\" src=\"http:\/\/www.aggertalersegelclub.de\/wordpress\/wp-content\/uploads\/2014\/08\/Mittendrin-3-1024x768.jpg\" alt=\"Mittendrin (3) (1024x768)\" width=\"450\" height=\"338\" srcset=\"https:\/\/www.aggertalersegelclub.de\/wordpress\/wp-content\/uploads\/2014\/08\/Mittendrin-3-1024x768.jpg 1024w, https:\/\/www.aggertalersegelclub.de\/wordpress\/wp-content\/uploads\/2014\/08\/Mittendrin-3-1024x768-300x225.jpg 300w\" sizes=\"auto, (max-width: 450px) 100vw, 450px\" \/><\/a><\/p>\n<p>Die abendliche Verk\u00f6stigung erfolgte bei unserem Clubwirt \u201eVladi\u201c, gekr\u00f6nt durch ein abendliches Stockbrot-Backen.<\/p>\n<p><a href=\"http:\/\/www.aggertalersegelclub.de\/wordpress\/wp-content\/uploads\/2014\/08\/Mittendrin-2-1024x768.jpg\"><img loading=\"lazy\" decoding=\"async\" class=\"aligncenter wp-image-2187\" src=\"http:\/\/www.aggertalersegelclub.de\/wordpress\/wp-content\/uploads\/2014\/08\/Mittendrin-2-1024x768.jpg\" alt=\"Mittendrin (2) (1024x768)\" width=\"450\" height=\"338\" srcset=\"https:\/\/www.aggertalersegelclub.de\/wordpress\/wp-content\/uploads\/2014\/08\/Mittendrin-2-1024x768.jpg 1024w, https:\/\/www.aggertalersegelclub.de\/wordpress\/wp-content\/uploads\/2014\/08\/Mittendrin-2-1024x768-300x225.jpg 300w\" sizes=\"auto, (max-width: 450px) 100vw, 450px\" \/><\/a><\/p>\n<p>Der Samstag war durch schwachen Wind gepr\u00e4gt, was jedoch die mitt\u00e4gliche Erst\u00fcrmung der Regattainsel vereinfachte, auf der mit einem Pendeldienst durch das WSVB-Arbeitsboot \u201eRosy\u201c die Verpflegung sichergestellt wurde. Nach der recht kurzen Nacht auf den Samstag waren alle Segler (und Betreuer!!) froh, als es nach einer abendlichen Filmvorf\u00fchrung im Clubheim (mit eigens hergestelltem Popcorn und Eis), etwas fr\u00fcher in die Kojen ging. Der Schwachwind am Samstag wurde kompensiert durch frischen und b\u00f6igen Wind am Sonntag, mit dem die Abschlussregatta zu einem kurzweiligen Vergn\u00fcgen wurde. Die drei teilnehmenden Bootsklassen Pirat, Laser und Opti wurden einzeln gewertet, aber irgendwie gewannen alle und konnten einen Preis mit nach Hause nehmen.<\/p>\n<p><a href=\"http:\/\/www.aggertalersegelclub.de\/wordpress\/wp-content\/uploads\/2014\/08\/Mittendrin-4-1024x768.jpg\"><img loading=\"lazy\" decoding=\"async\" class=\"aligncenter wp-image-2189\" src=\"http:\/\/www.aggertalersegelclub.de\/wordpress\/wp-content\/uploads\/2014\/08\/Mittendrin-4-1024x768.jpg\" alt=\"Mittendrin (4) (1024x768)\" width=\"450\" height=\"338\" srcset=\"https:\/\/www.aggertalersegelclub.de\/wordpress\/wp-content\/uploads\/2014\/08\/Mittendrin-4-1024x768.jpg 1024w, https:\/\/www.aggertalersegelclub.de\/wordpress\/wp-content\/uploads\/2014\/08\/Mittendrin-4-1024x768-300x225.jpg 300w\" sizes=\"auto, (max-width: 450px) 100vw, 450px\" \/><\/a><\/p>\n<p>Nach dem Abschlussessen erneut bei Vladi hie\u00df es \u201eKlar Gel\u00e4nde\u201c, Zelte wurden abgebaut, Segel getrocknet und es wurde aufger\u00e4umt, bevor Kinder und Jugendliche mit ihren Eltern die Heimreise antraten. Und das einstimmige Fazit? Das machen wir n\u00e4chstes Jahr wieder \u2026 Eine tolle Aktion unserer Segelfreunde vom WSVB, an der wir uns gerne beteiligt haben.<\/p>\n","protected":false},"excerpt":{"rendered":"<p>Bericht der ASC-Jugend zum &#8222;Mittendrin-Camp&#8220;.<br \/>\nF\u00fcr mehr Infos klicken Sie bitte auf die \u00dcberschrift.<\/p>\n","protected":false},"author":2,"featured_media":0,"comment_status":"closed","ping_status":"closed","sticky":false,"template":"","format":"standard","meta":{"ngg_post_thumbnail":0,"footnotes":"","_links_to":"","_links_to_target":""},"categories":[5,3],"tags":[],"class_list":["post-2186","post","type-post","status-publish","format-standard","hentry","category-jugend","category-news"],"_links":{"self":[{"href":"https:\/\/www.aggertalersegelclub.de\/index.php?rest_route=\/wp\/v2\/posts\/2186","targetHints":{"allow":["GET"]}}],"collection":[{"href":"https:\/\/www.aggertalersegelclub.de\/index.php?rest_route=\/wp\/v2\/posts"}],"about":[{"href":"https:\/\/www.aggertalersegelclub.de\/index.php?rest_route=\/wp\/v2\/types\/post"}],"author":[{"embeddable":true,"href":"https:\/\/www.aggertalersegelclub.de\/index.php?rest_route=\/wp\/v2\/users\/2"}],"replies":[{"embeddable":true,"href":"https:\/\/www.aggertalersegelclub.de\/index.php?rest_route=%2Fwp%2Fv2%2Fcomments&post=2186"}],"version-history":[{"count":7,"href":"https:\/\/www.aggertalersegelclub.de\/index.php?rest_route=\/wp\/v2\/posts\/2186\/revisions"}],"predecessor-version":[{"id":2196,"href":"https:\/\/www.aggertalersegelclub.de\/index.php?rest_route=\/wp\/v2\/posts\/2186\/revisions\/2196"}],"wp:attachment":[{"href":"https:\/\/www.aggertalersegelclub.de\/index.php?rest_route=%2Fwp%2Fv2%2Fmedia&parent=2186"}],"wp:term":[{"taxonomy":"category","embeddable":true,"href":"https:\/\/www.aggertalersegelclub.de\/index.php?rest_route=%2Fwp%2Fv2%2Fcategories&post=2186"},{"taxonomy":"post_tag","embeddable":true,"href":"https:\/\/www.aggertalersegelclub.de\/index.php?rest_route=%2Fwp%2Fv2%2Ftags&post=2186"}],"curies":[{"name":"wp","href":"https:\/\/api.w.org\/{rel}","templated":true}]}}