{"id":1976,"date":"2014-03-24T21:22:45","date_gmt":"2014-03-24T19:22:45","guid":{"rendered":"http:\/\/www.aggertalersegelclub.de\/?p=1976"},"modified":"2014-03-24T21:23:47","modified_gmt":"2014-03-24T19:23:47","slug":"1976","status":"publish","type":"post","link":"https:\/\/www.aggertalersegelclub.de\/?p=1976","title":{"rendered":"Arbeitsdienst: Steg einschwimmen!"},"content":{"rendered":"<p><span style=\"font-family: Arial; font-size: small;\">Liebe ASC-Mitglieder und G\u00e4ste,<\/span><\/p>\n<p><span style=\"font-family: Arial; font-size: small;\">\u00a0<\/span><span style=\"font-family: Arial; font-size: small;\">nachdem in den vergangenen Wochen durch Euren tatkr\u00e4ftigen Einsatz die Stegsegmente mit 4 Schl\u00e4gen Korrosionsschutzfarbe gestrichen wurden,\u00a0<\/span><span style=\"font-family: Arial; font-size: small;\">soll am kommenden Wochenende die Sanierung weitgehend abgeschlossen werden.<\/span><span style=\"font-family: Arial; font-size: small;\">\u00a0<\/span><\/p>\n<ol start=\"1\">\n<li><span style=\"font-family: Arial; font-size: small;\">Einschwimmen und Montage des sanierten Stegs<\/span><\/li>\n<li><span style=\"font-family: Arial; font-size: small;\">Reinigung der genutzten und verschmutzten Fl\u00e4chen des Clubgel\u00e4ndes<\/span><\/li>\n<li><span style=\"font-family: Arial; font-size: small;\">Anlanden des 2. Stegs<\/span><\/li>\n<\/ol>\n<p><img loading=\"lazy\" decoding=\"async\" class=\"ngg-singlepic ngg-none\" alt=\"p1050295\" src=\"http:\/\/www.aggertalersegelclub.de\/wordpress\/wp-content\/gallery\/arbeitsdienst-herbst-2013\/p1050295.jpg\" width=\"432\" height=\"324\" \/><\/p>\n<p><span style=\"font-family: Arial; font-size: small;\">Da es sich um ein umfangreiches Arbeitspaket handelt, sind wieder\u00a0<b><span style=\"text-decoration: underline;\">viele Akteure<\/span><\/b>\u00a0erforderlich!<\/span><\/p>\n<p><span style=\"font-family: Arial; font-size: small;\">Termine:<br \/>\nFreitag, den 28.03.\u00a0\u00a0\u00a0\u00a0\u00a0\u00a0\u00a0 16:00 bis 19:00 Uhr<br \/>\nVladi ist informiert und h\u00e4lt die Komb\u00fcse unter Feuer und das Bier gek\u00fchlt.<br \/>\n<\/span><\/p>\n<p><span style=\"font-family: Arial; font-size: small;\">Samstag, den 29.03.\u00a0\u00a0\u00a0\u00a0 07:30 bis 16:00 Uhr<\/span><\/p>\n<p><span style=\"font-family: Arial; font-size: small;\">\u00a0<\/span><span style=\"font-family: Arial; font-size: small;\">An Ausr\u00fcstung wird ben\u00f6tigt:<\/span><\/p>\n<p><span style=\"font-family: Wingdings; font-size: small;\">\u00d8<span style=\"font-family: 'Times New Roman'; font-size: xx-small;\">\u00a0\u00a0\u00a0\u00a0\u00a0\u00a0\u00a0<\/span><\/span><span style=\"font-size: small;\">Stra\u00dfenbesen<br \/>\n<\/span><span style=\"font-family: Wingdings; font-size: small;\">\u00d8<span style=\"font-family: 'Times New Roman'; font-size: xx-small;\">\u00a0\u00a0\u00a0\u00a0\u00a0\u00a0\u00a0<\/span><\/span><span style=\"font-size: small;\">Kehrschaufel und Handfeger<br \/>\n<\/span><span style=\"font-family: Wingdings; font-size: small;\">\u00d8<span style=\"font-family: 'Times New Roman'; font-size: xx-small;\">\u00a0\u00a0\u00a0\u00a0\u00a0\u00a0\u00a0<\/span><\/span><span style=\"font-size: small;\">Schubkarre<\/span><span style=\"font-family: Arial; font-size: small;\">\u00a0<\/span><\/p>\n<p><span style=\"font-family: Arial; font-size: small;\">Im Sinne guter Seemannschaft ist f\u00fcr die Arbeiten auf dem Wasser die pers\u00f6nliche Schwimmweste unerl\u00e4sslich!<\/span><\/p>\n<p><span style=\"font-family: Arial; font-size: small;\">Bis Freitag am See,<br \/>\nArmin Schaffer<\/span><\/p>\n","protected":false},"excerpt":{"rendered":"<p>Ank\u00fcndigungen von Arbeitsdienst-Terminen.<br \/>\nF\u00fcr n\u00e4here Infos klicken Sie bitte auf die \u00dcberschrift.<\/p>\n","protected":false},"author":2,"featured_media":0,"comment_status":"closed","ping_status":"closed","sticky":false,"template":"","format":"standard","meta":{"ngg_post_thumbnail":0,"footnotes":"","_links_to":"","_links_to_target":""},"categories":[4],"tags":[],"class_list":["post-1976","post","type-post","status-publish","format-standard","hentry","category-termine"],"_links":{"self":[{"href":"https:\/\/www.aggertalersegelclub.de\/index.php?rest_route=\/wp\/v2\/posts\/1976","targetHints":{"allow":["GET"]}}],"collection":[{"href":"https:\/\/www.aggertalersegelclub.de\/index.php?rest_route=\/wp\/v2\/posts"}],"about":[{"href":"https:\/\/www.aggertalersegelclub.de\/index.php?rest_route=\/wp\/v2\/types\/post"}],"author":[{"embeddable":true,"href":"https:\/\/www.aggertalersegelclub.de\/index.php?rest_route=\/wp\/v2\/users\/2"}],"replies":[{"embeddable":true,"href":"https:\/\/www.aggertalersegelclub.de\/index.php?rest_route=%2Fwp%2Fv2%2Fcomments&post=1976"}],"version-history":[{"count":6,"href":"https:\/\/www.aggertalersegelclub.de\/index.php?rest_route=\/wp\/v2\/posts\/1976\/revisions"}],"predecessor-version":[{"id":1982,"href":"https:\/\/www.aggertalersegelclub.de\/index.php?rest_route=\/wp\/v2\/posts\/1976\/revisions\/1982"}],"wp:attachment":[{"href":"https:\/\/www.aggertalersegelclub.de\/index.php?rest_route=%2Fwp%2Fv2%2Fmedia&parent=1976"}],"wp:term":[{"taxonomy":"category","embeddable":true,"href":"https:\/\/www.aggertalersegelclub.de\/index.php?rest_route=%2Fwp%2Fv2%2Fcategories&post=1976"},{"taxonomy":"post_tag","embeddable":true,"href":"https:\/\/www.aggertalersegelclub.de\/index.php?rest_route=%2Fwp%2Fv2%2Ftags&post=1976"}],"curies":[{"name":"wp","href":"https:\/\/api.w.org\/{rel}","templated":true}]}}