{"id":1651,"date":"2013-09-25T07:18:17","date_gmt":"2013-09-25T05:18:17","guid":{"rendered":"http:\/\/www.aggertalersegelclub.de\/?p=1651"},"modified":"2013-09-25T07:20:22","modified_gmt":"2013-09-25T05:20:22","slug":"asc-absegeln-am-05-oktober","status":"publish","type":"post","link":"https:\/\/www.aggertalersegelclub.de\/?p=1651","title":{"rendered":"ASC Absegeln am 05. Oktober!"},"content":{"rendered":"<p><img loading=\"lazy\" decoding=\"async\" class=\"alignnone size-large wp-image-891\" title=\"fm01\" alt=\"\" src=\"http:\/\/www.aggertalersegelclub.de\/wordpress\/wp-content\/uploads\/2010\/08\/fm01-1024x768.jpg\" width=\"442\" height=\"332\" srcset=\"https:\/\/www.aggertalersegelclub.de\/wordpress\/wp-content\/uploads\/2010\/08\/fm01-1024x768.jpg 1024w, https:\/\/www.aggertalersegelclub.de\/wordpress\/wp-content\/uploads\/2010\/08\/fm01-300x225.jpg 300w, https:\/\/www.aggertalersegelclub.de\/wordpress\/wp-content\/uploads\/2010\/08\/fm01.jpg 2048w\" sizes=\"auto, (max-width: 442px) 100vw, 442px\" \/><\/p>\n<p>Das diesj\u00e4hrige ASC-Absegeln findet am 05. Oktober 2013 statt.<br \/>\nTreffpunkt ist um 13 Uhr am ASC-Flaggenmast, wo sich zun\u00e4chst mit einem kleinen Imbiss gest\u00e4rkt wird. Danach brechen wir zum letzten gemeinsamen T\u00f6rn des Jahres auf.<\/p>\n<p>Im Anschluss daran besteht die M\u00f6glichkeit zu einen geselligem Saisonausklang in unserem Clubhaus, f\u00fcr Essen und Getr\u00e4nke ist gesorgt.<\/p>\n<p>F\u00fcr die bessere Planung w\u00fcrden sehr \u00fcber eine kurze R\u00fcckmeldung bis zum 02. Oktober 2013 freuen.<\/p>\n<p>R\u00fcckmeldungen bitte an Jens Birkholz: <a href=\"mailto:Jens.Birkholz@web.de\">Jens.Birkholz@web.de <\/a><\/p>\n<p>Alle ASC-Mitglieder, G\u00e4ste und Freunde sind herzlich eingeladen.<br \/>\nUm zahlreiches Erscheinen, gute Laune, Sonne und Wind wird gebeten.<\/p>\n","protected":false},"excerpt":{"rendered":"<p>Einladung zum ASC-Absegeln.<br \/>\nF\u00fcr mehr Infos klicken Sie bitte auf die \u00dcberschrift.<\/p>\n","protected":false},"author":2,"featured_media":0,"comment_status":"closed","ping_status":"closed","sticky":false,"template":"","format":"standard","meta":{"ngg_post_thumbnail":0,"footnotes":"","_links_to":"","_links_to_target":""},"categories":[4],"tags":[],"class_list":["post-1651","post","type-post","status-publish","format-standard","hentry","category-termine"],"_links":{"self":[{"href":"https:\/\/www.aggertalersegelclub.de\/index.php?rest_route=\/wp\/v2\/posts\/1651","targetHints":{"allow":["GET"]}}],"collection":[{"href":"https:\/\/www.aggertalersegelclub.de\/index.php?rest_route=\/wp\/v2\/posts"}],"about":[{"href":"https:\/\/www.aggertalersegelclub.de\/index.php?rest_route=\/wp\/v2\/types\/post"}],"author":[{"embeddable":true,"href":"https:\/\/www.aggertalersegelclub.de\/index.php?rest_route=\/wp\/v2\/users\/2"}],"replies":[{"embeddable":true,"href":"https:\/\/www.aggertalersegelclub.de\/index.php?rest_route=%2Fwp%2Fv2%2Fcomments&post=1651"}],"version-history":[{"count":7,"href":"https:\/\/www.aggertalersegelclub.de\/index.php?rest_route=\/wp\/v2\/posts\/1651\/revisions"}],"predecessor-version":[{"id":1660,"href":"https:\/\/www.aggertalersegelclub.de\/index.php?rest_route=\/wp\/v2\/posts\/1651\/revisions\/1660"}],"wp:attachment":[{"href":"https:\/\/www.aggertalersegelclub.de\/index.php?rest_route=%2Fwp%2Fv2%2Fmedia&parent=1651"}],"wp:term":[{"taxonomy":"category","embeddable":true,"href":"https:\/\/www.aggertalersegelclub.de\/index.php?rest_route=%2Fwp%2Fv2%2Fcategories&post=1651"},{"taxonomy":"post_tag","embeddable":true,"href":"https:\/\/www.aggertalersegelclub.de\/index.php?rest_route=%2Fwp%2Fv2%2Ftags&post=1651"}],"curies":[{"name":"wp","href":"https:\/\/api.w.org\/{rel}","templated":true}]}}