{"id":1593,"date":"2013-06-30T11:01:09","date_gmt":"2013-06-30T09:01:09","guid":{"rendered":"http:\/\/www.aggertalersegelclub.de\/?p=1593"},"modified":"2013-06-30T11:49:49","modified_gmt":"2013-06-30T09:49:49","slug":"bericht-asc-ycl-jugend-beim-seelehrgang-in-den-niederlanden","status":"publish","type":"post","link":"https:\/\/www.aggertalersegelclub.de\/?p=1593","title":{"rendered":"Bericht: ASC-Jugend beim Seelehrgang in den Niederlanden"},"content":{"rendered":"<p style=\"text-align: left;\">Vom 30. Mai bis zum 2. Juni veranstaltete der Yacht-Club Lister (YCL) seinen traditionellen Seelehrgang f\u00fcr Jugendliche. Nachdem wir bereits unser 420er-Training seit Fr\u00fchjahr zu\u00adsammen absolvieren, freute sich die Jugend des ASC \u00fcber das Angebot, auch an dieser Jugendfreizeit teilnehmen zu d\u00fcrfen. Dieses Jahr f\u00fchrte die Reise ins benachbarte Aus\u00adland: Ab Fronleichnam trafen sich die jungen Seglerinnen und Segler des YCL, YRCA und des ASC mit insgesamt sechs 420ern, vier Optis und einem OpenBic in \u201ede Kuilart\u201c, einem Freizeit- und Bungalowpark in Friesland. Der ASC war dabei mit 6 Jugendlichen auf drei 420ern gut vertreten. Unterst\u00fctzung erfolgte durch die Jugendwarte mit Familienunterst\u00fctzung sowie ei\u00adnem Elternpaar. Nach einer teils chaotischen Anreise (wer f\u00e4hrt schon am Mittwoch vor Fron\u00adleichnam nach Friesland?) waren wir froh am sp\u00e4ten Abend unsere Bungalows beziehen zu k\u00f6n\u00adnen und unsere Flotte schon aufriggen zu k\u00f6nnen.<\/p>\n<p style=\"text-align: left;\"><img loading=\"lazy\" decoding=\"async\" class=\"ngg-singlepic ngg-none\" alt=\"SONY DSC\" src=\"http:\/\/www.aggertalersegelclub.de\/wordpress\/wp-content\/gallery\/seelehrgang-holland\/dsc09968a-dsc00041.jpg\" width=\"422\" height=\"238\" \/><\/p>\n<p style=\"text-align: left;\">Fronleichnam gestaltete sich das Wetter \u2013 formulieren wir es positiv \u2013\u00a0 zur Eingew\u00f6hnung ruhig. Bei bedecktem Himmel und teilweise Totalflaute hielt sich der Spa\u00df in Grenzen. Die \u00dcberque\u00adrung der stark befahrenen Wasserstra\u00dfe Johan Frisokanal stellte unsere Segler vor sportliche und die Begleiter vor nervliche Herausforderungen. Wir erkundeten unser Hausrevier de Holken und Fluessen, das sich s\u00fcdwestlich an das Heeger Meer anschlie\u00dft. Die flauen Bedingungen waren jedoch eine hervorragende Grundlage f\u00fcr das, was sp\u00e4ter kam:<\/p>\n<p style=\"text-align: left;\">Ab Freitag \u00e4nderte sich das Wetter und es blies frisch bis starkwindig mit 4-5 Bft. auf westlichen Richtungen. Hervorragendes Dickschiffwetter \u2013 aber wie w\u00fcrden unsere Jollensegler, geschult auf dem Schwachwindrevier Biggesee, mit diesen Bedingungen umgehen? Sie schlugen sich mit Bravour! Die Umgew\u00f6hnung auf konstanten Starkwind mit deutlichem Seegang gelang, aller\u00addings nicht ohne Kentererfahrungen. Wie gut, dass unser Nachwuchs (\u00fcberwiegend) gut geklei\u00addet und das Kentertraining auf dem Biggesee gut einge\u00fcbt war. Und wie schnell sie verhindern, dass die Boote durchkentern! Toll \u2013 merkw\u00fcrdig nur, dass alle Boote genau ab einem bestimm\u00adten Winkel scheinbar stabil lagen. Die Erkenntnis und Erfahrung von sehr geringen Wassertiefen von 1,20 \u2013 1,70 m mit Schlick im Verklicker und Gro\u00dfsegelkopf war in diesem Moment neu. Und auch die Technik des Wiederaufrichtens, die vor allem darin bestand, Masten aus dem Modder zu ziehen, war bislang ungewohnt. Auch das Begleitpersonal lernte! Und dies nicht nur bei der Unterst\u00fctzung nach dem Kentern: Die Taktik, mit unseren eher schwach motorisierten Motorboo\u00adten unsere Jugend zu begleiten, war hoffnungslos. Nach Sekunden entschwanden insbesondere die gleitenden 420er sowohl dem akustischen als auch dem direkten optischen Zugriff ihrer Be\u00adgleiter. Die Variante, unsere 3 Motorboote gut auf dem Revier zu verteilen um bei Kenterungen schnell vor Ort zu sein, war deutlich effektiver.<\/p>\n<p style=\"text-align: left;\"><img loading=\"lazy\" decoding=\"async\" class=\"ngg-singlepic ngg-none\" alt=\"SONY DSC\" src=\"http:\/\/www.aggertalersegelclub.de\/wordpress\/wp-content\/gallery\/seelehrgang-holland\/dsc09830.jpg\" width=\"391\" height=\"324\" \/><\/p>\n<p style=\"text-align: left;\">Wo viele Kalorien verbrannt werden, muss aufgef\u00fcllt werden. Getreu dem Motto \u201e<i>Ohne Mampf kein Kampf\u201c<\/i> putzten die Jugendlichen sowohl den durch die Backschaft hergerichteten Mittagsimbiss als auch die leckeren K\u00f6stlichkeiten des Abends, zu denen sich alle Teilnehmer erneut zusammen fanden. Leuchtende Augen und aufregende Geschichten zeugten jeden Abend von der Begeisterung und der Freude, die unser Nachwuchs an diesem langen Wochenende erlebte.<\/p>\n<p style=\"text-align: left;\"><img loading=\"lazy\" decoding=\"async\" class=\"ngg-singlepic ngg-none\" alt=\"SONY DSC\" src=\"http:\/\/www.aggertalersegelclub.de\/wordpress\/wp-content\/gallery\/seelehrgang-holland\/dsc09642.jpg\" width=\"432\" height=\"299\" \/><\/p>\n<p style=\"text-align: left;\">Der ASC freut sich \u00fcber die Gelegenheit, dass wir an dieser Aktion des YCL teilnehmen durften. Es entstanden bei Kindern, Jugendlichen und dem erwachsenen Begleitpersonal neue Freund\u00adschaften, die bereits jetzt zu weiteren gemeinsamen sch\u00f6nen Erlebnissen an der Bigge f\u00fchrten. Die Begeisterung aller teilnehmenden Kinder f\u00fcr unseren Segelsport wurde gefestigt und sogar noch intensiviert. Was will man mehr? Und wir freuen uns auf das Fronleichnamswo\u00adchenende 2014. Und da Bilder mehr sagen als Worte empfehlen wir den Link zu den Bildern des Wochenendes: <a href=\"http:\/\/www.aggertalersegelclub.de\/?page_id=154\">Bitte hier klicken<\/a>!<\/p>\n<p style=\"text-align: left;\">Michael Bilo<\/p>\n<p style=\"text-align: left;\">1. Jugendwart<\/p>\n","protected":false},"excerpt":{"rendered":"<p>Bericht \u00fcber das Seetraining der ASC- und YCL-Jugend in Holland.<br \/>\nF\u00fcr mehr Infos klicken Sie bitte auf die \u00dcberschrift.<\/p>\n","protected":false},"author":2,"featured_media":0,"comment_status":"closed","ping_status":"closed","sticky":false,"template":"","format":"standard","meta":{"ngg_post_thumbnail":0,"footnotes":"","_links_to":"","_links_to_target":""},"categories":[1,5],"tags":[],"class_list":["post-1593","post","type-post","status-publish","format-standard","hentry","category-allgemein","category-jugend"],"_links":{"self":[{"href":"https:\/\/www.aggertalersegelclub.de\/index.php?rest_route=\/wp\/v2\/posts\/1593","targetHints":{"allow":["GET"]}}],"collection":[{"href":"https:\/\/www.aggertalersegelclub.de\/index.php?rest_route=\/wp\/v2\/posts"}],"about":[{"href":"https:\/\/www.aggertalersegelclub.de\/index.php?rest_route=\/wp\/v2\/types\/post"}],"author":[{"embeddable":true,"href":"https:\/\/www.aggertalersegelclub.de\/index.php?rest_route=\/wp\/v2\/users\/2"}],"replies":[{"embeddable":true,"href":"https:\/\/www.aggertalersegelclub.de\/index.php?rest_route=%2Fwp%2Fv2%2Fcomments&post=1593"}],"version-history":[{"count":12,"href":"https:\/\/www.aggertalersegelclub.de\/index.php?rest_route=\/wp\/v2\/posts\/1593\/revisions"}],"predecessor-version":[{"id":1608,"href":"https:\/\/www.aggertalersegelclub.de\/index.php?rest_route=\/wp\/v2\/posts\/1593\/revisions\/1608"}],"wp:attachment":[{"href":"https:\/\/www.aggertalersegelclub.de\/index.php?rest_route=%2Fwp%2Fv2%2Fmedia&parent=1593"}],"wp:term":[{"taxonomy":"category","embeddable":true,"href":"https:\/\/www.aggertalersegelclub.de\/index.php?rest_route=%2Fwp%2Fv2%2Fcategories&post=1593"},{"taxonomy":"post_tag","embeddable":true,"href":"https:\/\/www.aggertalersegelclub.de\/index.php?rest_route=%2Fwp%2Fv2%2Ftags&post=1593"}],"curies":[{"name":"wp","href":"https:\/\/api.w.org\/{rel}","templated":true}]}}