{"id":1502,"date":"2013-04-06T19:16:48","date_gmt":"2013-04-06T17:16:48","guid":{"rendered":"http:\/\/www.aggertalersegelclub.de\/?p=1502"},"modified":"2013-04-08T08:50:42","modified_gmt":"2013-04-08T06:50:42","slug":"termine-fur-die-asc-jugend","status":"publish","type":"post","link":"https:\/\/www.aggertalersegelclub.de\/?p=1502","title":{"rendered":"Termine f\u00fcr die ASC-Jugend"},"content":{"rendered":"<p>Hallo ASC-Jugend,<\/p>\n<p>es geht endlich los! Die letzten Eisschollen werden n\u00e4chste Woche schmelzen und dann k\u00f6nnen wir am n\u00e4chsten Samstag endlich die Boote aus der Garage holen, saisonfertig machen und zuteilen.<\/p>\n<p>Als Download gibt es nun einen <a href=\"http:\/\/www.aggertalersegelclub.de\/wordpress\/wp-content\/uploads\/2013\/04\/kalender-2013-ASC-Jugend-v1.pdf\" target=\"_blank\">Jugend-Kalender<\/a> mit den Trainings und Veranstaltungen, gef\u00fcllt mit Terminen bis zum Ende der Schulferien, danach werden noch mal neue Termine festgelegt.<\/p>\n<p><img loading=\"lazy\" decoding=\"async\" class=\"ngg-singlepic ngg-none\" alt=\"dsc02877\" src=\"http:\/\/www.aggertalersegelclub.de\/wordpress\/wp-content\/gallery\/optitraining-2008\/dsc02877.jpg\" width=\"415\" height=\"311\" \/><\/p>\n<p>Die Termine haben wir einmal in den Kalender eingesetzt, und die zweite Seite gibt die Termine f\u00fcr die Opti-Segler und die 420er mit den jeweiligen Verantwortlichen f\u00fcr das Training wieder, soweit sich das heute absehen l\u00e4sst. Deshalb sind einige Namen noch mit \u201e?\u201c versehen, die Kl\u00e4rung l\u00e4uft hier noch.<\/p>\n<p>&nbsp;<\/p>\n<p><b>Am Samstag den 13. April erwarten wir Euch also um 10.30h.<\/b><\/p>\n<p>Bitte bringt Putzlappen zum Polieren der Boote mit.<\/p>\n<p>Der WSVB veranstaltet einen Segelbasar, verkauft werden kann alles rund ums Schiff und entsprechende Ausr\u00fcstung wie Neoprenanz\u00fcge, Neoschuhe, Trockenanz\u00fcge etc.<\/p>\n<p>Bitte markiert die Sachen vorher schon mal mit Namen und dem Preis, den Ihr erzielen wollt.<\/p>\n<p>Am Sonntag findet dann das Segeln der Optis und evtl. der 420er statt, wenn die nicht der 420er \u2013 Regatta beim YCL zuschauen wollen.<\/p>\n<p><b><span style=\"text-decoration: underline;\">Damit wir absehen k\u00f6nnen wer kommt, <\/span><\/b><b><span style=\"text-decoration: underline;\">w\u00e4re es sch\u00f6n wenn Ihr uns kurz eine <a href=\"mailto:Jugend@aggertalersegelclub.de\" target=\"_blank\">Mail sendet<\/a> und mitteilt, wer wann kommt.<\/span><\/b><\/p>\n<p>&nbsp;<\/p>\n<p>Das Mittagessen k\u00f6nnen wir im Clubhaus gemeinsam einnehmen, zum Saisonstart ist jetzt alles ge\u00f6ffnet und startklar.<\/p>\n<p>Wir freuen uns mit Euch auf eine tolle Segelsaison !!!<\/p>\n<p>Viele Gr\u00fc\u00dfe<\/p>\n<p><b>Michael und Dirk<\/b><\/p>\n","protected":false},"excerpt":{"rendered":"<p>Termine der ASC-Jugend f\u00fcr 2013.<br \/>\nF\u00fcr mehr Infos klicken Sie bitte auf die \u00dcberschrift.<\/p>\n","protected":false},"author":2,"featured_media":0,"comment_status":"closed","ping_status":"closed","sticky":false,"template":"","format":"standard","meta":{"ngg_post_thumbnail":0,"footnotes":"","_links_to":"","_links_to_target":""},"categories":[5,4],"tags":[],"class_list":["post-1502","post","type-post","status-publish","format-standard","hentry","category-jugend","category-termine"],"_links":{"self":[{"href":"https:\/\/www.aggertalersegelclub.de\/index.php?rest_route=\/wp\/v2\/posts\/1502","targetHints":{"allow":["GET"]}}],"collection":[{"href":"https:\/\/www.aggertalersegelclub.de\/index.php?rest_route=\/wp\/v2\/posts"}],"about":[{"href":"https:\/\/www.aggertalersegelclub.de\/index.php?rest_route=\/wp\/v2\/types\/post"}],"author":[{"embeddable":true,"href":"https:\/\/www.aggertalersegelclub.de\/index.php?rest_route=\/wp\/v2\/users\/2"}],"replies":[{"embeddable":true,"href":"https:\/\/www.aggertalersegelclub.de\/index.php?rest_route=%2Fwp%2Fv2%2Fcomments&post=1502"}],"version-history":[{"count":6,"href":"https:\/\/www.aggertalersegelclub.de\/index.php?rest_route=\/wp\/v2\/posts\/1502\/revisions"}],"predecessor-version":[{"id":1513,"href":"https:\/\/www.aggertalersegelclub.de\/index.php?rest_route=\/wp\/v2\/posts\/1502\/revisions\/1513"}],"wp:attachment":[{"href":"https:\/\/www.aggertalersegelclub.de\/index.php?rest_route=%2Fwp%2Fv2%2Fmedia&parent=1502"}],"wp:term":[{"taxonomy":"category","embeddable":true,"href":"https:\/\/www.aggertalersegelclub.de\/index.php?rest_route=%2Fwp%2Fv2%2Fcategories&post=1502"},{"taxonomy":"post_tag","embeddable":true,"href":"https:\/\/www.aggertalersegelclub.de\/index.php?rest_route=%2Fwp%2Fv2%2Ftags&post=1502"}],"curies":[{"name":"wp","href":"https:\/\/api.w.org\/{rel}","templated":true}]}}