{"id":1432,"date":"2013-02-23T13:29:19","date_gmt":"2013-02-23T11:29:19","guid":{"rendered":"http:\/\/www.aggertalersegelclub.de\/?p=1432"},"modified":"2013-02-23T13:32:05","modified_gmt":"2013-02-23T11:32:05","slug":"fskb-vortrag-eine-brasilienreise-nicht-nur-unter-segeln","status":"publish","type":"post","link":"https:\/\/www.aggertalersegelclub.de\/?p=1432","title":{"rendered":"FSKB-Vortrag: &#8222;Eine Brasilienreise (nicht nur) unter Segeln&#8220;"},"content":{"rendered":"<p>Dr. Karl-Heinz Virnich berichtet am 10. M\u00e4rz 2013 ab 16 Uhr im Clubhaus des Yacht- und Ruderclub Attendorn unter dem Titel &#8222;Eine Brasilienreise (nicht nur) unter Segeln&#8220; \u00fcber seinen T\u00f6rn und interessante Landausfl\u00fcge l\u00e4ngs der brasilianischen K\u00fcste:<\/p>\n<p style=\"text-align: center;\"><img loading=\"lazy\" decoding=\"async\" class=\"aligncenter  wp-image-1434\" alt=\"Bildschirmfoto 2013-02-23 um 12.25.18\" src=\"http:\/\/www.aggertalersegelclub.de\/wordpress\/wp-content\/uploads\/2013\/02\/Bildschirmfoto-2013-02-23-um-12.25.18.png\" width=\"410\" height=\"334\" srcset=\"https:\/\/www.aggertalersegelclub.de\/wordpress\/wp-content\/uploads\/2013\/02\/Bildschirmfoto-2013-02-23-um-12.25.18.png 583w, https:\/\/www.aggertalersegelclub.de\/wordpress\/wp-content\/uploads\/2013\/02\/Bildschirmfoto-2013-02-23-um-12.25.18-300x244.png 300w\" sizes=\"auto, (max-width: 410px) 100vw, 410px\" \/><\/p>\n<p>Unsere heimischen Langfahrtsegler Annette und Karl-Heinz Virnich haben nach Verlassen der Ostsee \u00fcber 11.000 Seemeilen im Atlantik gesegelt, davon 3.870 sm im Bereich der brasilianischen K\u00fcste.\u00a0Statt sich der \u00fcblichen Barfu\u00dfroute von den Kanaren zur Karibik anzuschlie\u00dfen, folgten sie der Sehnsucht die Vielfalt der Welt\u00a0zu entdecken, ohne jeden Ehrgeiz bestimmte Ziele in k\u00fcrzest\u00a0m\u00f6glicher Zeit erreichen zu wollen.<\/p>\n<p>Wegen der einmalig sch\u00f6nen K\u00fcste, der vielen historischen\u00a0St\u00e4dte und der zum gro\u00dfen Teil noch urt\u00fcmlichen Landschaften\u00a0hat sie Brasilien zu zu einem insgesamt \u00fcber 5- monatigen\u00a0Aufenthalt angelockt.<\/p>\n<p>Nicht nur die K\u00fcste haben sie kennengelernt, sondern auch\u00a0die exotische Tierwelt, bizarre Landschaften, Savannen und\u00a0tropischen Urwald im Landesinneren erlebt.<\/p>\n<p style=\"text-align: center;\"><img loading=\"lazy\" decoding=\"async\" class=\"aligncenter  wp-image-1435\" alt=\"Bildschirmfoto 2013-02-23 um 12.25.26\" src=\"http:\/\/www.aggertalersegelclub.de\/wordpress\/wp-content\/uploads\/2013\/02\/Bildschirmfoto-2013-02-23-um-12.25.26.png\" width=\"441\" height=\"288\" srcset=\"https:\/\/www.aggertalersegelclub.de\/wordpress\/wp-content\/uploads\/2013\/02\/Bildschirmfoto-2013-02-23-um-12.25.26.png 630w, https:\/\/www.aggertalersegelclub.de\/wordpress\/wp-content\/uploads\/2013\/02\/Bildschirmfoto-2013-02-23-um-12.25.26-300x195.png 300w\" sizes=\"auto, (max-width: 441px) 100vw, 441px\" \/><\/p>\n<p>Ohne portugiesische Sprachkenntnisse sich durchzuschlagen, war nicht immer einfach aber meistens interessant.\u00a0Bisher waren sie von wesentlichen technischen Ausf\u00e4llen verschont geblieben. Dass das nicht immer so bleibt erlebten sie auf dieser Etappe.\u00a0Zwei Tage vor der Ankunft auf Barbados brach der Spinnakersch\u00e4kel und der 200 qm gro\u00dfe Parasailor verschwand nach Lee im Wasser und konnte m\u00fchsam in 1 \u00bd Stunden unbesch\u00e4digt geborgen werden. Teamwork war angesagt: Karl-Heinz holt cm um cm an Bord und Annette sichert das es nicht wieder in der See landet.<\/p>\n<p>Eine Rollreffeinrichtung f\u00fcr das Gro\u00df ist eine sch\u00f6ne Sache \u2013wenn sie funktioniert. Jetzt brach das Verbindungsteil zwischen Motor und Rollprofil. Das Gro\u00df konnte nicht mehr eingerollt werden.<br \/>\nDieses kurz vor dem Einlaufen auf Bequia, wo sie Freunde treffen wollten.<br \/>\nAnkern mit stehenem Gro\u00df bei 25 kn Wind ist auch f\u00fcr die Nachbarlieger nicht sehr witzig.<br \/>\nAlso ablaufen in Lee der Insel und das Gro\u00df bergen. Nach \u00fcber drei Stunden harter Arbeit ist das Gro\u00df auf dem Baum geb\u00e4ndselt.<br \/>\nNachdem das entsprechende Ersatzteil angekommen war, ging es weiter \u00fcber Martinique nach St. George&#8217;s auf Grenada.<\/p>\n<p style=\"text-align: center;\"><img loading=\"lazy\" decoding=\"async\" class=\"aligncenter  wp-image-1436\" alt=\"Bildschirmfoto 2013-02-23 um 12.25.53\" src=\"http:\/\/www.aggertalersegelclub.de\/wordpress\/wp-content\/uploads\/2013\/02\/Bildschirmfoto-2013-02-23-um-12.25.53.png\" width=\"349\" height=\"230\" srcset=\"https:\/\/www.aggertalersegelclub.de\/wordpress\/wp-content\/uploads\/2013\/02\/Bildschirmfoto-2013-02-23-um-12.25.53.png 388w, https:\/\/www.aggertalersegelclub.de\/wordpress\/wp-content\/uploads\/2013\/02\/Bildschirmfoto-2013-02-23-um-12.25.53-300x197.png 300w\" sizes=\"auto, (max-width: 349px) 100vw, 349px\" \/><\/p>\n<p>Ein interessanter Vortrag, bei dem es nicht nur ums Segeln geht sondern auch \u00fcber viele Begegnungen und Erlebnisse hinter der Hafenmeile berichtet.<\/p>\n<p>G\u00e4ste sind wie immer herzlich Willkommen, es wird kein Unkostenbeitrag erhoben.<\/p>\n","protected":false},"excerpt":{"rendered":"<p>FSKB-Vortrag am 10. M\u00e4rz 2013 im YRCA.<br \/>\nF\u00fcr mehr Infos klicken Sie bitte auf die \u00dcberschrift.<\/p>\n","protected":false},"author":2,"featured_media":0,"comment_status":"closed","ping_status":"closed","sticky":false,"template":"","format":"standard","meta":{"ngg_post_thumbnail":0,"footnotes":"","_links_to":"","_links_to_target":""},"categories":[4],"tags":[],"class_list":["post-1432","post","type-post","status-publish","format-standard","hentry","category-termine"],"_links":{"self":[{"href":"https:\/\/www.aggertalersegelclub.de\/index.php?rest_route=\/wp\/v2\/posts\/1432","targetHints":{"allow":["GET"]}}],"collection":[{"href":"https:\/\/www.aggertalersegelclub.de\/index.php?rest_route=\/wp\/v2\/posts"}],"about":[{"href":"https:\/\/www.aggertalersegelclub.de\/index.php?rest_route=\/wp\/v2\/types\/post"}],"author":[{"embeddable":true,"href":"https:\/\/www.aggertalersegelclub.de\/index.php?rest_route=\/wp\/v2\/users\/2"}],"replies":[{"embeddable":true,"href":"https:\/\/www.aggertalersegelclub.de\/index.php?rest_route=%2Fwp%2Fv2%2Fcomments&post=1432"}],"version-history":[{"count":9,"href":"https:\/\/www.aggertalersegelclub.de\/index.php?rest_route=\/wp\/v2\/posts\/1432\/revisions"}],"predecessor-version":[{"id":1443,"href":"https:\/\/www.aggertalersegelclub.de\/index.php?rest_route=\/wp\/v2\/posts\/1432\/revisions\/1443"}],"wp:attachment":[{"href":"https:\/\/www.aggertalersegelclub.de\/index.php?rest_route=%2Fwp%2Fv2%2Fmedia&parent=1432"}],"wp:term":[{"taxonomy":"category","embeddable":true,"href":"https:\/\/www.aggertalersegelclub.de\/index.php?rest_route=%2Fwp%2Fv2%2Fcategories&post=1432"},{"taxonomy":"post_tag","embeddable":true,"href":"https:\/\/www.aggertalersegelclub.de\/index.php?rest_route=%2Fwp%2Fv2%2Ftags&post=1432"}],"curies":[{"name":"wp","href":"https:\/\/api.w.org\/{rel}","templated":true}]}}