{"id":1244,"date":"2012-02-14T19:26:26","date_gmt":"2012-02-14T17:26:26","guid":{"rendered":"http:\/\/www.aggertalersegelclub.de\/?p=1244"},"modified":"2012-02-14T19:29:25","modified_gmt":"2012-02-14T17:29:25","slug":"asc-stammtisch-bildvortrag-am-9-marz-2012","status":"publish","type":"post","link":"https:\/\/www.aggertalersegelclub.de\/?p=1244","title":{"rendered":"ASC-Stammtisch: Bildvortrag am 9. M\u00e4rz 2012"},"content":{"rendered":"<p><strong><span style=\"text-decoration: underline;\">E I N L A D U N G<\/span><\/strong><\/p>\n<p>Bildvortrag \u00fcber einen T\u00f6rn in den s\u00fcdnorwegischen Sch\u00e4reng\u00fcrtel zwischen Mandal und Arendal (inkl. An- und R\u00fcckmarsch durch den Limfjord und das Kattegatt).<\/p>\n<p><img loading=\"lazy\" decoding=\"async\" class=\"alignnone size-full wp-image-1245\" title=\"stammtisch2012_1\" src=\"http:\/\/www.aggertalersegelclub.de\/wordpress\/wp-content\/uploads\/2012\/02\/stammtisch2012_1.jpg\" alt=\"\" width=\"450\" height=\"338\" srcset=\"https:\/\/www.aggertalersegelclub.de\/wordpress\/wp-content\/uploads\/2012\/02\/stammtisch2012_1.jpg 450w, https:\/\/www.aggertalersegelclub.de\/wordpress\/wp-content\/uploads\/2012\/02\/stammtisch2012_1-300x225.jpg 300w\" sizes=\"auto, (max-width: 450px) 100vw, 450px\" \/><\/p>\n<p><strong>Termin:<\/strong>\u00a0\u00a0\u00a0\u00a0\u00a0\u00a0\u00a0\u00a0 Freitag, den 09.03.2012<\/p>\n<p><strong>Uhrzeit:<\/strong>\u00a0\u00a0\u00a0\u00a0\u00a0\u00a0\u00a0\u00a0 19:00 Uhr<\/p>\n<p><strong>Ort:<\/strong>\u00a0\u00a0\u00a0\u00a0\u00a0\u00a0\u00a0\u00a0\u00a0\u00a0\u00a0\u00a0\u00a0\u00a0\u00a0\u00a0 ASC \u2013 Clubhaus<\/p>\n<p><span style=\"text-decoration: underline;\">Anmerkung:<\/span><\/p>\n<p>Da unser Clubwirt \u201eVladi\u201c gerne f\u00fcr ausreichend Frikadellen, Snacks und andere Speisen sorgen m\u00f6chte, w\u00fcrde er sich freuen, wenn er im Vorfeld eine ungef\u00e4hre Vorstellung von der Besucherzahl bekommen k\u00f6nnte. Es geht dabei um <span style=\"text-decoration: underline;\">keine<\/span> verbindliche Reservierung!<\/p>\n<p>Vielleicht ist es Euch m\u00f6glich bis zum 05.03. eine entsprechende Meldung abzusetzen (Clubhaus oder an mich). Aber auch der Kurzentschlossene wird sicherlich keinen Hunger leiden m\u00fcssen und ist in jedem Fall herzlich willkommen!<\/p>\n<p>Viele Gr\u00fc\u00dfe<\/p>\n<p>Armin<\/p>\n<p>(<a href=\"mailto:armin.schaffer@gmx.de\">armin.schaffer@gmx.de<\/a> oder 02351\/26625)<\/p>\n","protected":false},"excerpt":{"rendered":"<p>ASC-Stammtisch am 09.03.2012.<br \/>\nF\u00fcr mehr Infos klicken Sie bitte auf die \u00dcberschrift.<\/p>\n","protected":false},"author":2,"featured_media":0,"comment_status":"closed","ping_status":"closed","sticky":false,"template":"","format":"standard","meta":{"ngg_post_thumbnail":0,"footnotes":"","_links_to":"","_links_to_target":""},"categories":[3,4],"tags":[],"class_list":["post-1244","post","type-post","status-publish","format-standard","hentry","category-news","category-termine"],"_links":{"self":[{"href":"https:\/\/www.aggertalersegelclub.de\/index.php?rest_route=\/wp\/v2\/posts\/1244","targetHints":{"allow":["GET"]}}],"collection":[{"href":"https:\/\/www.aggertalersegelclub.de\/index.php?rest_route=\/wp\/v2\/posts"}],"about":[{"href":"https:\/\/www.aggertalersegelclub.de\/index.php?rest_route=\/wp\/v2\/types\/post"}],"author":[{"embeddable":true,"href":"https:\/\/www.aggertalersegelclub.de\/index.php?rest_route=\/wp\/v2\/users\/2"}],"replies":[{"embeddable":true,"href":"https:\/\/www.aggertalersegelclub.de\/index.php?rest_route=%2Fwp%2Fv2%2Fcomments&post=1244"}],"version-history":[{"count":4,"href":"https:\/\/www.aggertalersegelclub.de\/index.php?rest_route=\/wp\/v2\/posts\/1244\/revisions"}],"predecessor-version":[{"id":1249,"href":"https:\/\/www.aggertalersegelclub.de\/index.php?rest_route=\/wp\/v2\/posts\/1244\/revisions\/1249"}],"wp:attachment":[{"href":"https:\/\/www.aggertalersegelclub.de\/index.php?rest_route=%2Fwp%2Fv2%2Fmedia&parent=1244"}],"wp:term":[{"taxonomy":"category","embeddable":true,"href":"https:\/\/www.aggertalersegelclub.de\/index.php?rest_route=%2Fwp%2Fv2%2Fcategories&post=1244"},{"taxonomy":"post_tag","embeddable":true,"href":"https:\/\/www.aggertalersegelclub.de\/index.php?rest_route=%2Fwp%2Fv2%2Ftags&post=1244"}],"curies":[{"name":"wp","href":"https:\/\/api.w.org\/{rel}","templated":true}]}}