{"id":1186,"date":"2011-10-26T10:13:14","date_gmt":"2011-10-26T08:13:14","guid":{"rendered":"http:\/\/www.aggertalersegelclub.de\/?p=1186"},"modified":"2011-11-07T09:31:38","modified_gmt":"2011-11-07T07:31:38","slug":"erster-fskb-vortrag-allein-rund-ostsee-mit-dem-fi-boot","status":"publish","type":"post","link":"https:\/\/www.aggertalersegelclub.de\/?p=1186","title":{"rendered":"Erster FSKB-Vortrag &#8222;Allein rund Ostsee mit dem IF-Boot&#8220;"},"content":{"rendered":"<p>Am 13. November 2011 findet der erste FSKB-Vortrag dieses Winters im ASC\/WSVB-Clubhaus statt!<\/p>\n<p style=\"text-align: left;\"><img loading=\"lazy\" decoding=\"async\" class=\"size-full wp-image-1193\" title=\"fskb1_1\" src=\"http:\/\/www.aggertalersegelclub.de\/wordpress\/wp-content\/uploads\/2011\/10\/fskb1_1.jpg\" alt=\"\" width=\"162\" height=\"162\" srcset=\"https:\/\/www.aggertalersegelclub.de\/wordpress\/wp-content\/uploads\/2011\/10\/fskb1_1.jpg 162w, https:\/\/www.aggertalersegelclub.de\/wordpress\/wp-content\/uploads\/2011\/10\/fskb1_1-150x150.jpg 150w\" sizes=\"auto, (max-width: 162px) 100vw, 162px\" \/><img loading=\"lazy\" decoding=\"async\" class=\"size-full wp-image-1194\" title=\"fskb1_2\" src=\"http:\/\/www.aggertalersegelclub.de\/wordpress\/wp-content\/uploads\/2011\/10\/fskb1_2.jpg\" alt=\"\" width=\"196\" height=\"129\" \/><\/p>\n<p>Ab 16 Uhr berichten Ingo Gorodiski \u00fcber seine 5-monatige Reise durch die Ostsee, w\u00e4hrend der er 10 L\u00e4nder besuchte und 3500 sm zur\u00fccklegte.<\/p>\n<p><img loading=\"lazy\" decoding=\"async\" class=\"alignnone size-full wp-image-1195 aligncenter alignleft\" title=\"fskb1_3\" src=\"http:\/\/www.aggertalersegelclub.de\/wordpress\/wp-content\/uploads\/2011\/10\/fskb1_3.jpg\" alt=\"\" width=\"169\" height=\"125\" \/><img loading=\"lazy\" decoding=\"async\" class=\"size-full wp-image-1196\" title=\"fskb1_4\" src=\"http:\/\/www.aggertalersegelclub.de\/wordpress\/wp-content\/uploads\/2011\/10\/fskb1_4.jpg\" alt=\"\" width=\"178\" height=\"117\" \/><\/p>\n<p style=\"text-align: left;\">N\u00e4here Informationen in der <a href=\"http:\/\/www.aggertalersegelclub.de\/wordpress\/wp-content\/uploads\/2011\/10\/Vorbericht-Nov-11-1.pdf\" target=\"_blank\">Einladung des FSKB<\/a>!<\/p>\n<p>G\u00e4ste sind wie immer herzlich Willkommen, es wird kein Unkostenbeitrag erhoben!<\/p>\n","protected":false},"excerpt":{"rendered":"<p>Erster FSKB-Vortrag am 13. November 2011.<br \/>\nF\u00fcr mehr Infos klicken Sie bitte auf die \u00dcberschrift.<\/p>\n","protected":false},"author":2,"featured_media":0,"comment_status":"closed","ping_status":"closed","sticky":false,"template":"","format":"standard","meta":{"ngg_post_thumbnail":0,"footnotes":"","_links_to":"","_links_to_target":""},"categories":[4],"tags":[],"class_list":["post-1186","post","type-post","status-publish","format-standard","hentry","category-termine"],"_links":{"self":[{"href":"https:\/\/www.aggertalersegelclub.de\/index.php?rest_route=\/wp\/v2\/posts\/1186","targetHints":{"allow":["GET"]}}],"collection":[{"href":"https:\/\/www.aggertalersegelclub.de\/index.php?rest_route=\/wp\/v2\/posts"}],"about":[{"href":"https:\/\/www.aggertalersegelclub.de\/index.php?rest_route=\/wp\/v2\/types\/post"}],"author":[{"embeddable":true,"href":"https:\/\/www.aggertalersegelclub.de\/index.php?rest_route=\/wp\/v2\/users\/2"}],"replies":[{"embeddable":true,"href":"https:\/\/www.aggertalersegelclub.de\/index.php?rest_route=%2Fwp%2Fv2%2Fcomments&post=1186"}],"version-history":[{"count":6,"href":"https:\/\/www.aggertalersegelclub.de\/index.php?rest_route=\/wp\/v2\/posts\/1186\/revisions"}],"predecessor-version":[{"id":1191,"href":"https:\/\/www.aggertalersegelclub.de\/index.php?rest_route=\/wp\/v2\/posts\/1186\/revisions\/1191"}],"wp:attachment":[{"href":"https:\/\/www.aggertalersegelclub.de\/index.php?rest_route=%2Fwp%2Fv2%2Fmedia&parent=1186"}],"wp:term":[{"taxonomy":"category","embeddable":true,"href":"https:\/\/www.aggertalersegelclub.de\/index.php?rest_route=%2Fwp%2Fv2%2Fcategories&post=1186"},{"taxonomy":"post_tag","embeddable":true,"href":"https:\/\/www.aggertalersegelclub.de\/index.php?rest_route=%2Fwp%2Fv2%2Ftags&post=1186"}],"curies":[{"name":"wp","href":"https:\/\/api.w.org\/{rel}","templated":true}]}}